{"id":70369,"date":"2021-06-25T15:45:31","date_gmt":"2021-06-25T13:45:31","guid":{"rendered":"http:\/\/www.messinaoggi.it\/website\/?p=70369"},"modified":"2021-06-25T12:43:34","modified_gmt":"2021-06-25T10:43:34","slug":"scerbatura-interventi-nel-quadrilatero-del-centro","status":"publish","type":"post","link":"https:\/\/www.messinaoggi.it\/website\/2021\/06\/25\/scerbatura-interventi-nel-quadrilatero-del-centro\/","title":{"rendered":"Scerbatura, interventi nel quadrilatero del centro"},"content":{"rendered":"\n<p>Interventi urgenti di scerbatura affidati dall\u2019Amministrazione Comunale come servizi aggiuntivi alla Messinaservizi Bene Comune, saranno effettuati da marted\u00ec 29 sino a gioved\u00ec 1 luglio, nella fascia oraria 20-6, su viale San Martino, lato monte, nel tratto compreso tra viale Europa e via Enzo Geraci; viale Europa, lato nord, tra viale San Martino e via Risorgimento; le vie Risorgimento, lato mare, tra viale Europa e via Enzo Geraci; Enzo Geraci, lato sud, tra viale San Martino e via Risorgimento; entrambi i lati delle vie dei Mille, tra viale Europa e via Enzo Geraci; e Carlo Citarella, tra viale San Martino e via Risorgimento.<div id=\"div-gpt-ad-Messinaoggi.it-DSK-300x250-corpoart\" style=\"text-align:center;margin:0 auto;\"><\/div><\/p>\n\n\n\n<p>Esclusivamente nei tratti di strada oggetto degli interventi viger\u00e0 pertanto il divieto di sosta, con rimozione coatta, provvedendo ad interdire il transito pedonale nei corrispondenti marciapiedi, indirizzando, con idonea segnaletica stradale, i pedoni sul lato opposto e garantendo l\u2019accesso a tutti gli ingressi ivi presenti, per mezzo di protezioni superiori e laterali, al fine di consentire il posizionamento dei mezzi d\u2019opera necessari.<div id=\"videoincontent\" style=\"clear:both\";><\/div><\/p>\n\n\n\n<p>La parte di carreggiata stradale occupata dai mezzi impegnati dovr\u00e0 essere opportunamente delimitata e la circolazione garantita, in sicurezza, nella restante parte.<br>Le attivit\u00e0 di scerbatura proseguiranno da gioved\u00ec 1 a sabato 3 luglio, sempre nella fascia oraria 20-6, nel quadrilatero compreso tra via Risorgimento, lato monte; viale Europa, lato nord; via C. Battisti, lato mare; via Geraci, lato sud; e nei tratti interclusi di entrambi i lati delle vie Citarella; Centonze; Ghibellina; e della strada adiacente la villetta Zaera, dove per consentire l\u2019esecuzione degli interventi sar\u00e0 vietata la sosta.<\/p>\n","protected":false},"excerpt":{"rendered":"<p>Interventi urgenti di scerbatura affidati dall\u2019Amministrazione Comunale come servizi aggiuntivi alla Messinaservizi Bene Comune, saranno effettuati da marted\u00ec 29 sino a gioved\u00ec 1 luglio, nella fascia oraria 20-6, su viale San Martino, lato monte, nel tratto compreso tra viale Europa e via Enzo Geraci; viale Europa, lato nord, tra viale San Martino e via Risorgimento; [&hellip;]<\/p>\n","protected":false},"author":4,"featured_media":43047,"comment_status":"open","ping_status":"open","sticky":false,"template":"","format":"standard","meta":{"ub_ctt_via":"","_mi_skip_tracking":false},"categories":[5],"tags":[2367,2366],"featured_image_src":"https:\/\/www.messinaoggi.it\/website\/wp-content\/uploads\/2020\/05\/erbacce-marciapiede-via-vittorio-veneto-provinciale.jpg","author_info":{"display_name":"redme","author_link":"https:\/\/www.messinaoggi.it\/website\/author\/redme\/"},"digistream_id":0,"digistream":false,"_links":{"self":[{"href":"https:\/\/www.messinaoggi.it\/website\/wp-json\/wp\/v2\/posts\/70369"}],"collection":[{"href":"https:\/\/www.messinaoggi.it\/website\/wp-json\/wp\/v2\/posts"}],"about":[{"href":"https:\/\/www.messinaoggi.it\/website\/wp-json\/wp\/v2\/types\/post"}],"author":[{"embeddable":true,"href":"https:\/\/www.messinaoggi.it\/website\/wp-json\/wp\/v2\/users\/4"}],"replies":[{"embeddable":true,"href":"https:\/\/www.messinaoggi.it\/website\/wp-json\/wp\/v2\/comments?post=70369"}],"version-history":[{"count":1,"href":"https:\/\/www.messinaoggi.it\/website\/wp-json\/wp\/v2\/posts\/70369\/revisions"}],"predecessor-version":[{"id":70371,"href":"https:\/\/www.messinaoggi.it\/website\/wp-json\/wp\/v2\/posts\/70369\/revisions\/70371"}],"wp:featuredmedia":[{"embeddable":true,"href":"https:\/\/www.messinaoggi.it\/website\/wp-json\/wp\/v2\/media\/43047"}],"wp:attachment":[{"href":"https:\/\/www.messinaoggi.it\/website\/wp-json\/wp\/v2\/media?parent=70369"}],"wp:term":[{"taxonomy":"category","embeddable":true,"href":"https:\/\/www.messinaoggi.it\/website\/wp-json\/wp\/v2\/categories?post=70369"},{"taxonomy":"post_tag","embeddable":true,"href":"https:\/\/www.messinaoggi.it\/website\/wp-json\/wp\/v2\/tags?post=70369"}],"curies":[{"name":"wp","href":"https:\/\/api.w.org\/{rel}","templated":true}]}}