{"id":70245,"date":"2021-06-24T14:07:50","date_gmt":"2021-06-24T12:07:50","guid":{"rendered":"https:\/\/www.messinaoggi.it\/website\/2021\/06\/24\/letta-impegno-totale-pd-per-costruire-europa-sociale\/"},"modified":"2021-06-24T14:07:50","modified_gmt":"2021-06-24T12:07:50","slug":"letta-impegno-totale-pd-per-costruire-europa-sociale","status":"publish","type":"post","link":"https:\/\/www.messinaoggi.it\/website\/2021\/06\/24\/letta-impegno-totale-pd-per-costruire-europa-sociale\/","title":{"rendered":"Letta \u201cImpegno totale Pd per costruire Europa sociale\u201d"},"content":{"rendered":"<div>ROMA (ITALPRESS) &#8211; Il Partito democratico nei prossimi anni sar\u00e0 impegnato a supportare la costruzione di una forte Europa sociale. Lo ha detto il segretario Enrico Letta nel corso di &#8220;Una nuova agenda sociale per l&#8217;Italia e l&#8217;Europa&#8221;, webinar organizzato dal Pd e dal Gruppo S&amp;D. &#8220;Noi rinnoviamo l&#8217;impegno totale del nostro Partito sulla costruzione dell&#8217;Europa sociale, per i cittadini, i lavoratori e le lavoratrici italiani e anche perch\u00e8 le amministrazioni regionali siano in grado di agire al meglio e applicare bene tutto ci\u00f2 che c&#8217;\u00e8 nel Pnrr&#8221;, ha spiegato Letta. Un impegno, ha sottolineato, necessario per colmare le differenze in un&#8217;Europa &#8220;molto divisa a livello sociale, dove ci sono Paesi con la pi\u00f9 avanzata struttura sociale al mondo e poi altri dove i temi del salario minimo, le questioni legate alla parit\u00e0 salariale o ad altri diritti dei lavoratori sono ancora molto indietro. La situazione di partenza \u00e8 dunque molto diversa da Paese a Paese. L&#8217;Italia \u00e8 un Paese in mezzo tra quelli pi\u00f9 avanzati e non, ma le differenze geografiche interne sono molto importanti&#8221;. Quindi, ha spiegato, &#8220;l&#8217;Europa del post pandemia o nasce con un fortissimo pilastro sociale oppure non funzioner\u00e0. Durante l&#8217;emergenza sanitaria ci si \u00e8 resi conto di quanto la vicenda comunitaria sia determinante, poich\u00e8 \u00e8 impossibile affrontare il tempo che stiamo vivendo senza una forte, significativa ed efficace dimensione europea del sociale&#8221;.<br \/>(ITALPRESS).<\/div>\n<div id=\"div-gpt-ad-Messinaoggi.it-DSK-300x250-corpoart\" style=\"text-align:center;margin:0 auto;\"><\/div><\/p><div id=\"videoincontent\" style=\"clear:both\";><\/div>","protected":false},"excerpt":{"rendered":"<p>ROMA (ITALPRESS) &#8211; Il Partito democratico nei prossimi anni sar\u00e0 impegnato a supportare la costruzione di una forte Europa sociale. Lo ha detto il segretario Enrico Letta nel corso di &#8220;Una nuova agenda sociale per l&#8217;Italia e l&#8217;Europa&#8221;, webinar organizzato dal Pd e dal Gruppo S&amp;D. &#8220;Noi rinnoviamo l&#8217;impegno totale del nostro Partito sulla costruzione [&hellip;]<\/p>\n","protected":false},"author":18,"featured_media":70246,"comment_status":"closed","ping_status":"closed","sticky":false,"template":"","format":"standard","meta":{"ub_ctt_via":"","_mi_skip_tracking":false},"categories":[446],"tags":[783],"featured_image_src":"https:\/\/www.messinaoggi.it\/website\/wp-content\/uploads\/2021\/06\/20210624_0521.jpg","author_info":{"display_name":"Admin","author_link":"https:\/\/www.messinaoggi.it\/website\/author\/admin\/"},"digistream_id":0,"digistream":false,"_links":{"self":[{"href":"https:\/\/www.messinaoggi.it\/website\/wp-json\/wp\/v2\/posts\/70245"}],"collection":[{"href":"https:\/\/www.messinaoggi.it\/website\/wp-json\/wp\/v2\/posts"}],"about":[{"href":"https:\/\/www.messinaoggi.it\/website\/wp-json\/wp\/v2\/types\/post"}],"author":[{"embeddable":true,"href":"https:\/\/www.messinaoggi.it\/website\/wp-json\/wp\/v2\/users\/18"}],"replies":[{"embeddable":true,"href":"https:\/\/www.messinaoggi.it\/website\/wp-json\/wp\/v2\/comments?post=70245"}],"version-history":[{"count":0,"href":"https:\/\/www.messinaoggi.it\/website\/wp-json\/wp\/v2\/posts\/70245\/revisions"}],"wp:featuredmedia":[{"embeddable":true,"href":"https:\/\/www.messinaoggi.it\/website\/wp-json\/wp\/v2\/media\/70246"}],"wp:attachment":[{"href":"https:\/\/www.messinaoggi.it\/website\/wp-json\/wp\/v2\/media?parent=70245"}],"wp:term":[{"taxonomy":"category","embeddable":true,"href":"https:\/\/www.messinaoggi.it\/website\/wp-json\/wp\/v2\/categories?post=70245"},{"taxonomy":"post_tag","embeddable":true,"href":"https:\/\/www.messinaoggi.it\/website\/wp-json\/wp\/v2\/tags?post=70245"}],"curies":[{"name":"wp","href":"https:\/\/api.w.org\/{rel}","templated":true}]}}