{"id":70181,"date":"2021-06-24T10:07:31","date_gmt":"2021-06-24T08:07:31","guid":{"rendered":"https:\/\/www.messinaoggi.it\/website\/2021\/06\/24\/giovannini-addio-alle-auto-a-benzina-e-diesel-entro-il-2040\/"},"modified":"2021-06-24T10:07:31","modified_gmt":"2021-06-24T08:07:31","slug":"giovannini-addio-alle-auto-a-benzina-e-diesel-entro-il-2040","status":"publish","type":"post","link":"https:\/\/www.messinaoggi.it\/website\/2021\/06\/24\/giovannini-addio-alle-auto-a-benzina-e-diesel-entro-il-2040\/","title":{"rendered":"Giovannini \u201cAddio alle auto a benzina e diesel entro il 2040\u201d"},"content":{"rendered":"<div>ROMA (ITALPRESS) &#8211; &#8220;Nel governo stiamo ancora ragionando. Ci sono Paesi, come quelli del nord Europa, che hanno fissato il limite al 2030. Altri al 2040. A luglio arriver\u00e0 l&#8217;indicazione della Commissione Europea. Noi presto decideremo, ma direi che il 2040 \u00e8 una data limite&#8221;. Lo dice, in una intervista a Repubblica, il ministro delle Infrastrutture e della mobilit\u00e0 sostenibili Enrico Giovannini che indica una data per l&#8217;inizio dell&#8217;era in cui la mobilit\u00e0 sar\u00e0 solo elettrica. &#8220;E&#8217; stato creato il Comitato interministeriale per la transizione ecologica &#8211; il Cite &#8211; perch\u00e8 non \u00e8 immaginabile oggi avere un solo ministero che si occupi di tutto. Prendiamo ad esempio le auto elettriche: c&#8217;\u00e8 il tema degli incentivi e quello di tutelare la filiera industriale. Oppure lo smart working, che ha effetti importanti sulla mobilit\u00e0 perch\u00e8 se tutti lo richiedono il venerd\u00ec il resto della settimana il traffico resta ingolfato&#8221;. Un anno fa sembrava che saremmo andati tutti in bici. &#8220;Tutti i dati ci indicano che per gli spostamenti pi\u00f9 brevi l&#8217;uso della mobilit\u00e0 dolce cresce molto. Siamo davanti a una rivoluzione. Ma ora dobbiamo capire cosa avverr\u00e0 a settembre. Ho chiesto all&#8217;Istat uno studio su come le famiglie pensano di cambiare il modo di spostarsi dopo l&#8217;estate. L\u00ec capiremo&#8221;. Il Pnrr ha appena avuto l&#8217;ok dell&#8217;Europa, via libera che, secondo Giovannini, non era scontato. &#8220;La Commissione europea \u00e8 stata molto attenta: per ogni progetto presentato c&#8217;\u00e8 una analisi di fattibilit\u00e0 con uno studio molto approfondito. E il fatto che la Commissione rapidamente abbia potuto approvare il piano \u00e8 il segno che era fatto bene&#8221;. <br \/>(ITALPRESS).<\/div>\n<div id=\"div-gpt-ad-Messinaoggi.it-DSK-300x250-corpoart\" style=\"text-align:center;margin:0 auto;\"><\/div><\/p><div id=\"videoincontent\" style=\"clear:both\";><\/div>","protected":false},"excerpt":{"rendered":"<p>ROMA (ITALPRESS) &#8211; &#8220;Nel governo stiamo ancora ragionando. Ci sono Paesi, come quelli del nord Europa, che hanno fissato il limite al 2030. Altri al 2040. A luglio arriver\u00e0 l&#8217;indicazione della Commissione Europea. Noi presto decideremo, ma direi che il 2040 \u00e8 una data limite&#8221;. Lo dice, in una intervista a Repubblica, il ministro delle [&hellip;]<\/p>\n","protected":false},"author":18,"featured_media":70182,"comment_status":"closed","ping_status":"closed","sticky":false,"template":"","format":"standard","meta":{"ub_ctt_via":"","_mi_skip_tracking":false},"categories":[446],"tags":[783],"featured_image_src":"https:\/\/www.messinaoggi.it\/website\/wp-content\/uploads\/2021\/06\/20210624_0109.jpg","author_info":{"display_name":"Admin","author_link":"https:\/\/www.messinaoggi.it\/website\/author\/admin\/"},"digistream_id":0,"digistream":false,"_links":{"self":[{"href":"https:\/\/www.messinaoggi.it\/website\/wp-json\/wp\/v2\/posts\/70181"}],"collection":[{"href":"https:\/\/www.messinaoggi.it\/website\/wp-json\/wp\/v2\/posts"}],"about":[{"href":"https:\/\/www.messinaoggi.it\/website\/wp-json\/wp\/v2\/types\/post"}],"author":[{"embeddable":true,"href":"https:\/\/www.messinaoggi.it\/website\/wp-json\/wp\/v2\/users\/18"}],"replies":[{"embeddable":true,"href":"https:\/\/www.messinaoggi.it\/website\/wp-json\/wp\/v2\/comments?post=70181"}],"version-history":[{"count":0,"href":"https:\/\/www.messinaoggi.it\/website\/wp-json\/wp\/v2\/posts\/70181\/revisions"}],"wp:featuredmedia":[{"embeddable":true,"href":"https:\/\/www.messinaoggi.it\/website\/wp-json\/wp\/v2\/media\/70182"}],"wp:attachment":[{"href":"https:\/\/www.messinaoggi.it\/website\/wp-json\/wp\/v2\/media?parent=70181"}],"wp:term":[{"taxonomy":"category","embeddable":true,"href":"https:\/\/www.messinaoggi.it\/website\/wp-json\/wp\/v2\/categories?post=70181"},{"taxonomy":"post_tag","embeddable":true,"href":"https:\/\/www.messinaoggi.it\/website\/wp-json\/wp\/v2\/tags?post=70181"}],"curies":[{"name":"wp","href":"https:\/\/api.w.org\/{rel}","templated":true}]}}