{"id":70179,"date":"2021-06-24T09:07:38","date_gmt":"2021-06-24T07:07:38","guid":{"rendered":"https:\/\/www.messinaoggi.it\/website\/2021\/06\/24\/ddl-zan-renzi-autogol-vaticano-le-leggi-si-fanno-nelle-camere\/"},"modified":"2021-06-24T11:10:19","modified_gmt":"2021-06-24T09:10:19","slug":"ddl-zan-renzi-autogol-vaticano-le-leggi-si-fanno-nelle-camere","status":"publish","type":"post","link":"https:\/\/www.messinaoggi.it\/website\/2021\/06\/24\/ddl-zan-renzi-autogol-vaticano-le-leggi-si-fanno-nelle-camere\/","title":{"rendered":"Ddl Zan, Renzi \u201cAutogol Vaticano, le leggi si fanno nelle Camere\u201d"},"content":{"rendered":"<div>ROMA (ITALPRESS) &#8211; &#8220;La legge Zan non viola il Concordato e la nota verbale del Vaticano \u00e8 un errore. Le leggi le scrivono i parlamentari, non i cardinali\u00bb. Lo dice, in un&#8217;intervista a Repubblica, il leader di Italia Viva Matteo Renzi. \u00abUn&#8217;entrata a piedi uniti di questo tipo riporta indietro le lancette dell&#8217;orologio a 5 anni fa, prima delle Unioni Civili. Dico che \u00e8 un autogol da politico, perch\u00e8 riapre uno scontro Stato-Chiesa di cui non si vedeva il bisogno, ma anche da cattolico, perch\u00e8 non possiamo fare l&#8217;errore di ridurre il messaggio del Vangelo a mero fatto etico. Come credente sono dispiaciuto per lo scontro tra pezzi di Vaticano e pezzi di Cei, come politico difendo la laicit\u00e0 delle istituzioni\u00bb. La Zan non va cambiata? \u00abLo decider\u00e0 in libert\u00e0 il Parlamento, non il Vaticano. Italia Viva ha gi\u00e0 votato alla Camera e voter\u00e0 in Senato&#8221;. Renzi suggerisce &#8220;prudenza: se con il voto segreto va sotto su un emendamento, la legge rischia di essere affossata. Una legge serve e va approvata velocemente: i promotori devono decidere se accettare alcune modifiche con una maggioranza ampia o rischiare a scrutinio segreto su questo testo. Quando approvammo le unioni civili, facendo un&#8217;operazione bella, di avanzamento dei diritti, trovammo delle mediazioni\u00bb.<br \/>(ITALPRESS).<\/div>\n<div id=\"div-gpt-ad-Messinaoggi.it-DSK-300x250-corpoart\" style=\"text-align:center;margin:0 auto;\"><\/div><\/p><div id=\"videoincontent\" style=\"clear:both\";><\/div>","protected":false},"excerpt":{"rendered":"<p>ROMA (ITALPRESS) &#8211; &#8220;La legge Zan non viola il Concordato e la nota verbale del Vaticano \u00e8 un errore. Le leggi le scrivono i parlamentari, non i cardinali\u00bb. Lo dice, in un&#8217;intervista a Repubblica, il leader di Italia Viva Matteo Renzi. \u00abUn&#8217;entrata a piedi uniti di questo tipo riporta indietro le lancette dell&#8217;orologio a 5 [&hellip;]<\/p>\n","protected":false},"author":18,"featured_media":70180,"comment_status":"closed","ping_status":"closed","sticky":false,"template":"","format":"standard","meta":{"ub_ctt_via":"","_mi_skip_tracking":false},"categories":[446,4],"tags":[783],"featured_image_src":"https:\/\/www.messinaoggi.it\/website\/wp-content\/uploads\/2021\/06\/20210624_0082.jpg","author_info":{"display_name":"Admin","author_link":"https:\/\/www.messinaoggi.it\/website\/author\/admin\/"},"digistream_id":0,"digistream":false,"_links":{"self":[{"href":"https:\/\/www.messinaoggi.it\/website\/wp-json\/wp\/v2\/posts\/70179"}],"collection":[{"href":"https:\/\/www.messinaoggi.it\/website\/wp-json\/wp\/v2\/posts"}],"about":[{"href":"https:\/\/www.messinaoggi.it\/website\/wp-json\/wp\/v2\/types\/post"}],"author":[{"embeddable":true,"href":"https:\/\/www.messinaoggi.it\/website\/wp-json\/wp\/v2\/users\/18"}],"replies":[{"embeddable":true,"href":"https:\/\/www.messinaoggi.it\/website\/wp-json\/wp\/v2\/comments?post=70179"}],"version-history":[{"count":1,"href":"https:\/\/www.messinaoggi.it\/website\/wp-json\/wp\/v2\/posts\/70179\/revisions"}],"predecessor-version":[{"id":70195,"href":"https:\/\/www.messinaoggi.it\/website\/wp-json\/wp\/v2\/posts\/70179\/revisions\/70195"}],"wp:featuredmedia":[{"embeddable":true,"href":"https:\/\/www.messinaoggi.it\/website\/wp-json\/wp\/v2\/media\/70180"}],"wp:attachment":[{"href":"https:\/\/www.messinaoggi.it\/website\/wp-json\/wp\/v2\/media?parent=70179"}],"wp:term":[{"taxonomy":"category","embeddable":true,"href":"https:\/\/www.messinaoggi.it\/website\/wp-json\/wp\/v2\/categories?post=70179"},{"taxonomy":"post_tag","embeddable":true,"href":"https:\/\/www.messinaoggi.it\/website\/wp-json\/wp\/v2\/tags?post=70179"}],"curies":[{"name":"wp","href":"https:\/\/api.w.org\/{rel}","templated":true}]}}