{"id":70141,"date":"2021-06-24T07:30:44","date_gmt":"2021-06-24T05:30:44","guid":{"rendered":"http:\/\/www.messinaoggi.it\/website\/?p=70141"},"modified":"2021-06-23T19:57:19","modified_gmt":"2021-06-23T17:57:19","slug":"viale-europa-nuovi-stalli-di-sosta-per-persone-disabili","status":"publish","type":"post","link":"https:\/\/www.messinaoggi.it\/website\/2021\/06\/24\/viale-europa-nuovi-stalli-di-sosta-per-persone-disabili\/","title":{"rendered":"Viale Europa, nuovi stalli di sosta per persone disabili"},"content":{"rendered":"\n<p>\u00c8 stata disposta l\u2019istituzione di due stalli di sosta per i veicoli a servizio di persone disabili sul lato nord della carreggiata nord di viale Europa, nel tratto compreso tra viale San Martino e via dei Mille, antistante l\u2019accesso agli uffici della Cisl, al fine di rendere pi\u00f9 agevole la fruibilit\u00e0 dei servizi erogati in favore di coloro che per condizione fisica hanno ridotte capacit\u00e0 motorie.<div id=\"div-gpt-ad-Messinaoggi.it-DSK-300x250-corpoart\" style=\"text-align:center;margin:0 auto;\"><\/div><\/p>\n<div id=\"videoincontent\" style=\"clear:both\";><\/div>","protected":false},"excerpt":{"rendered":"<p>\u00c8 stata disposta l\u2019istituzione di due stalli di sosta per i veicoli a servizio di persone disabili sul lato nord della carreggiata nord di viale Europa, nel tratto compreso tra viale San Martino e via dei Mille, antistante l\u2019accesso agli uffici della Cisl, al fine di rendere pi\u00f9 agevole la fruibilit\u00e0 dei servizi erogati in [&hellip;]<\/p>\n","protected":false},"author":4,"featured_media":19403,"comment_status":"open","ping_status":"open","sticky":false,"template":"","format":"standard","meta":{"ub_ctt_via":"","_mi_skip_tracking":false},"categories":[5],"tags":[2344],"featured_image_src":"https:\/\/www.messinaoggi.it\/website\/wp-content\/uploads\/2018\/05\/viale-europa-1.jpg","author_info":{"display_name":"redme","author_link":"https:\/\/www.messinaoggi.it\/website\/author\/redme\/"},"digistream_id":0,"digistream":false,"_links":{"self":[{"href":"https:\/\/www.messinaoggi.it\/website\/wp-json\/wp\/v2\/posts\/70141"}],"collection":[{"href":"https:\/\/www.messinaoggi.it\/website\/wp-json\/wp\/v2\/posts"}],"about":[{"href":"https:\/\/www.messinaoggi.it\/website\/wp-json\/wp\/v2\/types\/post"}],"author":[{"embeddable":true,"href":"https:\/\/www.messinaoggi.it\/website\/wp-json\/wp\/v2\/users\/4"}],"replies":[{"embeddable":true,"href":"https:\/\/www.messinaoggi.it\/website\/wp-json\/wp\/v2\/comments?post=70141"}],"version-history":[{"count":1,"href":"https:\/\/www.messinaoggi.it\/website\/wp-json\/wp\/v2\/posts\/70141\/revisions"}],"predecessor-version":[{"id":70142,"href":"https:\/\/www.messinaoggi.it\/website\/wp-json\/wp\/v2\/posts\/70141\/revisions\/70142"}],"wp:featuredmedia":[{"embeddable":true,"href":"https:\/\/www.messinaoggi.it\/website\/wp-json\/wp\/v2\/media\/19403"}],"wp:attachment":[{"href":"https:\/\/www.messinaoggi.it\/website\/wp-json\/wp\/v2\/media?parent=70141"}],"wp:term":[{"taxonomy":"category","embeddable":true,"href":"https:\/\/www.messinaoggi.it\/website\/wp-json\/wp\/v2\/categories?post=70141"},{"taxonomy":"post_tag","embeddable":true,"href":"https:\/\/www.messinaoggi.it\/website\/wp-json\/wp\/v2\/tags?post=70141"}],"curies":[{"name":"wp","href":"https:\/\/api.w.org\/{rel}","templated":true}]}}