{"id":70138,"date":"2021-06-24T14:00:18","date_gmt":"2021-06-24T12:00:18","guid":{"rendered":"http:\/\/www.messinaoggi.it\/website\/?p=70138"},"modified":"2021-06-23T19:50:52","modified_gmt":"2021-06-23T17:50:52","slug":"manutenzione-sede-ex-brigata-torre-faro-limitazioni-in-via-lanterna","status":"publish","type":"post","link":"https:\/\/www.messinaoggi.it\/website\/2021\/06\/24\/manutenzione-sede-ex-brigata-torre-faro-limitazioni-in-via-lanterna\/","title":{"rendered":"Manutenzione sede ex Brigata Torre Faro, limitazioni in via Lanterna"},"content":{"rendered":"\n<p>Per consentire l\u2019esecuzione dei lavori di manutenzione straordinaria dell\u2019immobile sede dell\u2019ex Brigata di Torre Faro da destinare a finalit\u00e0 di protezione sociale, sono state disposte limitazioni viarie.<div id=\"div-gpt-ad-Messinaoggi.it-DSK-300x250-corpoart\" style=\"text-align:center;margin:0 auto;\"><\/div><\/p>\n\n\n\n<p>Sino al 30 settembre sar\u00e0 interdetto al transito pedonale un tratto di marciapiede, lato ovest (lato monte), di via Lanterna a Torre Faro, per una lunghezza di 20,55 metri, antistante l\u2019immobile della Guardia di Finanza, garantendone la continuit\u00e0 mediante la realizzazione di un percorso protetto, della larghezza minima di un metro, sulla carreggiata stradale, in adiacenza all\u2019arca oggetto di occupazione; viger\u00e0 il divieto di sosta, 0-24, per un tratto di 25 metri, sempre sul lato ovest (lato monte) di via Lanterna per consentire l\u2019occupazione del marciapiede e di una parte della carreggiata stradale, garantendo, in sicurezza, il regolare svolgimento del transito veicolare sulla restante parte di carreggiata che dovr\u00e0 avere una larghezza minima di 3 metri e 50; sar\u00e0 istituito il limite massimo di velocit\u00e0 di 20 km\/h nel tratto oggetto di intervento e per un tratto di 50 metri a sud.<div id=\"videoincontent\" style=\"clear:both\";><\/div><\/p>\n","protected":false},"excerpt":{"rendered":"<p>Per consentire l\u2019esecuzione dei lavori di manutenzione straordinaria dell\u2019immobile sede dell\u2019ex Brigata di Torre Faro da destinare a finalit\u00e0 di protezione sociale, sono state disposte limitazioni viarie. Sino al 30 settembre sar\u00e0 interdetto al transito pedonale un tratto di marciapiede, lato ovest (lato monte), di via Lanterna a Torre Faro, per una lunghezza di 20,55 [&hellip;]<\/p>\n","protected":false},"author":4,"featured_media":57547,"comment_status":"open","ping_status":"open","sticky":false,"template":"","format":"standard","meta":{"ub_ctt_via":"","_mi_skip_tracking":false},"categories":[5],"tags":[],"featured_image_src":"https:\/\/www.messinaoggi.it\/website\/wp-content\/uploads\/2021\/03\/torre-faro-dallalto-2.jpg","author_info":{"display_name":"redme","author_link":"https:\/\/www.messinaoggi.it\/website\/author\/redme\/"},"digistream_id":0,"digistream":false,"_links":{"self":[{"href":"https:\/\/www.messinaoggi.it\/website\/wp-json\/wp\/v2\/posts\/70138"}],"collection":[{"href":"https:\/\/www.messinaoggi.it\/website\/wp-json\/wp\/v2\/posts"}],"about":[{"href":"https:\/\/www.messinaoggi.it\/website\/wp-json\/wp\/v2\/types\/post"}],"author":[{"embeddable":true,"href":"https:\/\/www.messinaoggi.it\/website\/wp-json\/wp\/v2\/users\/4"}],"replies":[{"embeddable":true,"href":"https:\/\/www.messinaoggi.it\/website\/wp-json\/wp\/v2\/comments?post=70138"}],"version-history":[{"count":1,"href":"https:\/\/www.messinaoggi.it\/website\/wp-json\/wp\/v2\/posts\/70138\/revisions"}],"predecessor-version":[{"id":70139,"href":"https:\/\/www.messinaoggi.it\/website\/wp-json\/wp\/v2\/posts\/70138\/revisions\/70139"}],"wp:featuredmedia":[{"embeddable":true,"href":"https:\/\/www.messinaoggi.it\/website\/wp-json\/wp\/v2\/media\/57547"}],"wp:attachment":[{"href":"https:\/\/www.messinaoggi.it\/website\/wp-json\/wp\/v2\/media?parent=70138"}],"wp:term":[{"taxonomy":"category","embeddable":true,"href":"https:\/\/www.messinaoggi.it\/website\/wp-json\/wp\/v2\/categories?post=70138"},{"taxonomy":"post_tag","embeddable":true,"href":"https:\/\/www.messinaoggi.it\/website\/wp-json\/wp\/v2\/tags?post=70138"}],"curies":[{"name":"wp","href":"https:\/\/api.w.org\/{rel}","templated":true}]}}