{"id":7005,"date":"2017-08-30T11:04:39","date_gmt":"2017-08-30T09:04:39","guid":{"rendered":"http:\/\/www.messinaoggi.it\/website\/?p=7005"},"modified":"2017-08-30T11:04:39","modified_gmt":"2017-08-30T09:04:39","slug":"previsto-calo-di-temperature-in-tutta-italia-domani-tempo-stabile-in-sicilia","status":"publish","type":"post","link":"https:\/\/www.messinaoggi.it\/website\/2017\/08\/30\/previsto-calo-di-temperature-in-tutta-italia-domani-tempo-stabile-in-sicilia\/","title":{"rendered":"Previsto calo di temperature in tutta Italia. Domani tempo stabile in Sicilia"},"content":{"rendered":"<p><span style=\"font-family: Arial, sans-serif\"><span style=\"font-size: medium\">L\u2019Anticiclone ha le ore contate: infatti, secondo l&#8217;istituto meteorologico Centro Meteo Italiano, il clima estivo che stiamo vivendo in questi giorni di fine agosto sta per finire in vista del prossimo peggioramento atteso gi\u00e0 da domani sulla nostra penisola. <\/span><\/span><br \/>\n<span style=\"font-family: Arial, sans-serif\"><span style=\"font-size: medium\">Nel dettaglio, l\u2019anticiclone che insiste sul Mediterraneo lascer\u00e0 infatti spazio ad una corrente depressionaria di matrice nord atlantica la quale determiner\u00e0 un aumento di nuvolosit\u00e0 su molte regioni gi\u00e0 a partire dalle prime ore di domani con piogge e temporali sempre pi\u00f9 intensi e diffusi specie dalla serata. Anche le previsioni per il fine settimana sono all\u2019insegna del maltempo con rovesci e temporali intensi da Nord a Sud, accompagnati da un generale calo delle temperature su tutta Italia. <\/span><\/span><br \/>\n<span style=\"font-family: Arial, sans-serif\"><span style=\"font-size: medium\">Per quanto riguarda la Sicilia, la giornata di domani all\u2019insegna del tempo stabile e soleggiato su tutti i settori; cieli poco nuvolosi in serata su tutto il territorio, ma senza fenomeni di rilievo. <\/span><\/span><div id=\"div-gpt-ad-Messinaoggi.it-DSK-300x250-corpoart\" style=\"text-align:center;margin:0 auto;\"><\/div><\/p>\n<div id=\"videoincontent\" style=\"clear:both\";><\/div>","protected":false},"excerpt":{"rendered":"<p>L\u2019Anticiclone ha le ore contate: infatti, secondo l&#8217;istituto meteorologico Centro Meteo Italiano, il clima estivo che stiamo vivendo in questi giorni di fine agosto sta per finire in vista del prossimo peggioramento atteso gi\u00e0 da domani sulla nostra penisola. Nel dettaglio, l\u2019anticiclone che insiste sul Mediterraneo lascer\u00e0 infatti spazio ad una corrente depressionaria di matrice [&hellip;]<\/p>\n","protected":false},"author":8,"featured_media":7019,"comment_status":"closed","ping_status":"open","sticky":false,"template":"","format":"standard","meta":{"ub_ctt_via":"","_mi_skip_tracking":false},"categories":[11],"tags":[],"featured_image_src":"https:\/\/www.messinaoggi.it\/website\/wp-content\/uploads\/2017\/08\/meteo-calo-temperature-2.jpg","author_info":{"display_name":"red..me","author_link":"https:\/\/www.messinaoggi.it\/website\/author\/redstage\/"},"digistream_id":0,"digistream":false,"_links":{"self":[{"href":"https:\/\/www.messinaoggi.it\/website\/wp-json\/wp\/v2\/posts\/7005"}],"collection":[{"href":"https:\/\/www.messinaoggi.it\/website\/wp-json\/wp\/v2\/posts"}],"about":[{"href":"https:\/\/www.messinaoggi.it\/website\/wp-json\/wp\/v2\/types\/post"}],"author":[{"embeddable":true,"href":"https:\/\/www.messinaoggi.it\/website\/wp-json\/wp\/v2\/users\/8"}],"replies":[{"embeddable":true,"href":"https:\/\/www.messinaoggi.it\/website\/wp-json\/wp\/v2\/comments?post=7005"}],"version-history":[{"count":0,"href":"https:\/\/www.messinaoggi.it\/website\/wp-json\/wp\/v2\/posts\/7005\/revisions"}],"wp:featuredmedia":[{"embeddable":true,"href":"https:\/\/www.messinaoggi.it\/website\/wp-json\/wp\/v2\/media\/7019"}],"wp:attachment":[{"href":"https:\/\/www.messinaoggi.it\/website\/wp-json\/wp\/v2\/media?parent=7005"}],"wp:term":[{"taxonomy":"category","embeddable":true,"href":"https:\/\/www.messinaoggi.it\/website\/wp-json\/wp\/v2\/categories?post=7005"},{"taxonomy":"post_tag","embeddable":true,"href":"https:\/\/www.messinaoggi.it\/website\/wp-json\/wp\/v2\/tags?post=7005"}],"curies":[{"name":"wp","href":"https:\/\/api.w.org\/{rel}","templated":true}]}}