{"id":700,"date":"2017-05-28T13:36:35","date_gmt":"2017-05-28T11:36:35","guid":{"rendered":"http:\/\/www.messinaoggi.it\/website\/?p=700"},"modified":"2017-05-28T13:36:35","modified_gmt":"2017-05-28T11:36:35","slug":"a-luna-i-maggiu-sbarca-a-messina","status":"publish","type":"post","link":"https:\/\/www.messinaoggi.it\/website\/2017\/05\/28\/a-luna-i-maggiu-sbarca-a-messina\/","title":{"rendered":"\u201cA luna i maggiu\u201d sbarca a Messina"},"content":{"rendered":"<p>Il teatro Annibale di Francia ospiter\u00e0 giovedi&#8217; 2 febbraio alle ore 21.00 la rappresentazione teatrale <strong>&#8220;A luna i maggiu&#8221; di Nino Masiello<\/strong>.<br \/>\nL&#8217;autore attraverso l&#8217;opera racconta lo scontro tra il vecchio e il nuovo, una guerra che per\u00f2 talvolta pu\u00f2 concludersi senza sconfitte perch\u00e9 gli uomini sono capaci, per amore, di superare pregiudizi e ricominciare un cammino da percorrere insieme. Lo spettacolo vede protagonisti <strong>Maria Sacc\u00e0<\/strong> e <strong>Pietro Barbaro<\/strong>: al loro fianco sul palco la compagnia G.T. \u201cA MAIO\u201d di Messina.<br \/>\nSono previste le repliche nei seguenti giorni: venerd\u00ec 3 ore 21.00; sabato 4 ore 17.00 e 21.00 e domenica 5 ore 17.30<div id=\"div-gpt-ad-Messinaoggi.it-DSK-300x250-corpoart\" style=\"text-align:center;margin:0 auto;\"><\/div><\/p>\n<div id=\"videoincontent\" style=\"clear:both\";><\/div>","protected":false},"excerpt":{"rendered":"<p>Il teatro Annibale di Francia ospiter\u00e0 giovedi&#8217; 2 febbraio alle ore 21.00 la rappresentazione teatrale &#8220;A luna i maggiu&#8221; di Nino Masiello. L&#8217;autore attraverso l&#8217;opera racconta lo scontro tra il vecchio e il nuovo, una guerra che per\u00f2 talvolta pu\u00f2 concludersi senza sconfitte perch\u00e9 gli uomini sono capaci, per amore, di superare pregiudizi e ricominciare [&hellip;]<\/p>\n","protected":false},"author":5,"featured_media":701,"comment_status":"closed","ping_status":"open","sticky":false,"template":"","format":"standard","meta":{"ub_ctt_via":"","_mi_skip_tracking":false},"categories":[17],"tags":[],"featured_image_src":"https:\/\/www.messinaoggi.it\/website\/wp-content\/uploads\/2017\/05\/a-luna-i-maggiu-2.jpg","author_info":{"display_name":"Maria Antonella Saia","author_link":"https:\/\/www.messinaoggi.it\/website\/author\/m-saia\/"},"digistream_id":0,"digistream":false,"_links":{"self":[{"href":"https:\/\/www.messinaoggi.it\/website\/wp-json\/wp\/v2\/posts\/700"}],"collection":[{"href":"https:\/\/www.messinaoggi.it\/website\/wp-json\/wp\/v2\/posts"}],"about":[{"href":"https:\/\/www.messinaoggi.it\/website\/wp-json\/wp\/v2\/types\/post"}],"author":[{"embeddable":true,"href":"https:\/\/www.messinaoggi.it\/website\/wp-json\/wp\/v2\/users\/5"}],"replies":[{"embeddable":true,"href":"https:\/\/www.messinaoggi.it\/website\/wp-json\/wp\/v2\/comments?post=700"}],"version-history":[{"count":0,"href":"https:\/\/www.messinaoggi.it\/website\/wp-json\/wp\/v2\/posts\/700\/revisions"}],"wp:featuredmedia":[{"embeddable":true,"href":"https:\/\/www.messinaoggi.it\/website\/wp-json\/wp\/v2\/media\/701"}],"wp:attachment":[{"href":"https:\/\/www.messinaoggi.it\/website\/wp-json\/wp\/v2\/media?parent=700"}],"wp:term":[{"taxonomy":"category","embeddable":true,"href":"https:\/\/www.messinaoggi.it\/website\/wp-json\/wp\/v2\/categories?post=700"},{"taxonomy":"post_tag","embeddable":true,"href":"https:\/\/www.messinaoggi.it\/website\/wp-json\/wp\/v2\/tags?post=700"}],"curies":[{"name":"wp","href":"https:\/\/api.w.org\/{rel}","templated":true}]}}