{"id":69756,"date":"2021-06-20T23:54:47","date_gmt":"2021-06-20T21:54:47","guid":{"rendered":"http:\/\/www.messinaoggi.it\/website\/?p=69756"},"modified":"2021-06-20T23:54:48","modified_gmt":"2021-06-20T21:54:48","slug":"slalom-girolamo-ingardia-trionfa-al-4-slalom-di-salice-vincendo-allultimo-metro","status":"publish","type":"post","link":"https:\/\/www.messinaoggi.it\/website\/2021\/06\/20\/slalom-girolamo-ingardia-trionfa-al-4-slalom-di-salice-vincendo-allultimo-metro\/","title":{"rendered":"SLALOM &#8211; Girolamo Ingardia trionfa al 4\u00b0 Slalom di Salice vincendo all&#8217;ultimo metro"},"content":{"rendered":"\n<p>Sorpresa ma non troppo alla \u00a04\u00b0edizione dello Slalom messinese organizzato \u00a0da Top Competition e dall\u2019Associazione Ufficiali di Gara \u201cZancle\u201d e \u201cPeloro 93\u201d in collaborazione con l&#8217;Automobile Club Messina. Appassionante il duello tra il pilota mazzarese e l&#8217;idolo di casa Schillace, secondo al traguardo. Nella lotta per completare il podio Incammisa ha avuto la meglio su Leo.<div id=\"div-gpt-ad-Messinaoggi.it-DSK-300x250-corpoart\" style=\"text-align:center;margin:0 auto;\"><\/div><\/p>\n\n\n\n<p>Girolamo Ingardia su formula Ghipard Suzuki<em><strong> (nella foto in alto)<\/strong><\/em> stupisce ancora vincendo all&#8217;ultimo metro il 4\u00b0 Slalom di Salice. L&#8217;alfiere della Trapani Corse ha ottenuto il miglior punteggio di 125,20 con un tempo di soli sei centesimi migliore ad Emanuele Schillace che, nella stessa, ha fermato il cronometro a 2\u201905\u201d26 e quindi a 125,26. Terza piazza per il decano degli slalom il presidente della Trapani Corse, Nicol\u00f2 Incammisa.<div id=\"videoincontent\" style=\"clear:both\";><\/div><\/p>\n\n\n\n<p>La manifestazione ha rappresentato un ottimo successo organizzativo da parte della Top Competition e dell&#8217;Automobile Club Messina, in risposta all&#8217;invito  delle Associazione Ufficiali di Gara  \u201cZancle\u201d e \u201cPeloro 93\u201d, che ne sono stati promotori. Coinvolgente l&#8217;avvio della gara a cui ha preso parte in rappresentanza della comunit\u00e0 di Salice  il parroco della chiesa di S.Stefano Juniore, che ha simbolicamente dato il via alla vettura dell\u2019 Assessore al territorio Metropolitano Massimiliano Minutoli , ritornato per l\u2019occasione alle gare.<\/p>\n\n\n\n<p>Il testa a testa fra Ingardia e Schillace \u00e8 cominciato sin dalla  prima manche, quando entrambi hanno subito forzato per portarsi avanti nella classifica provvisoria.<\/p>\n\n\n\n<p>Ingardia ha dichiarato: &#8220;<em>E\u2019 stata molto dura, perch\u00e9 sono riuscito a vincere di pochissimo e proprio nel finale, dopo che non ho potuto concludere la \u00a0seconda manche per problemi elettrici alla mia Ghipard e ho rischiato di dover fare la terza con la sola \u201ccarica della batteria\u201d, fortunatamente \u00e8 andata bene e mi godo la vittoria. Le caratteristiche della mia vettura che \u00e8 molto pi\u00f9 agile e scattante \u00a0mi permettono di avere prestazioni equivalenti alle pi\u00f9 potenti Radical, \u00e8 sempre una bella sfida<\/em>&#8220;.<\/p>\n\n\n\n<div class=\"wp-block-image\"><figure class=\"aligncenter size-large\"><img loading=\"lazy\" width=\"1024\" height=\"683\" src=\"https:\/\/www.messinaoggi.it\/website\/wp-content\/uploads\/2021\/06\/schillace-1024x683.jpg\" alt=\"\" class=\"wp-image-69758\" srcset=\"https:\/\/www.messinaoggi.it\/website\/wp-content\/uploads\/2021\/06\/schillace-1024x683.jpg 1024w, https:\/\/www.messinaoggi.it\/website\/wp-content\/uploads\/2021\/06\/schillace-300x200.jpg 300w, https:\/\/www.messinaoggi.it\/website\/wp-content\/uploads\/2021\/06\/schillace-768x512.jpg 768w, https:\/\/www.messinaoggi.it\/website\/wp-content\/uploads\/2021\/06\/schillace.jpg 1080w\" sizes=\"(max-width: 1024px) 100vw, 1024px\" \/><figcaption><em><strong>Emanuele Schillace, secondo classificato<\/strong><\/em><\/figcaption><\/figure><\/div>\n\n\n\n<p>Schillace, che \u00a0si \u00e8 \u201cgirato\u201d sulla prima salita ha fatto di tutto per bissare il successo del 2019, arrivando ad un soffio dal vincitore. Ha dichiarato: &#8220;<em>Nell&#8217;ultimo tratto della prima manche ho fatto un testacoda completo e sono ripartito da fermo. Per la seconda abbiamo fatto delle modifiche per ottimizzare la vettura tra il nuovo e vecchio asfalto, ma nella terza abbiamo deciso di tornare alle regolazioni iniziali. E\u2019 stato comunque un buon test in vista del prossimo impegno Tricolore, lo Slalom dei Trulli, in cui sar\u00f2 impegnato nel prossimo weekend<\/em>&#8220;.<\/p>\n\n\n\n<p>Soddisfatto della terza piazza Nicol\u00f2 Incammisa, che dopo un avvio di studio si \u00e8 migliorato nella seconda e nella terza manche. &#8220;<em>Abbiamo cambiato qualcosa e i risultati si sono visti, anche se poi i tempi delle ultime due saliti sono stati praticamente identici\u201d<\/em>.<\/p>\n\n\n\n<p>Ha provato a contendere il podio all&#8217;esperto presidente della Trapani Corse, il messinese Santi Leo, quarto all&#8217;arrivo con la Radical 1400, che fra la prima \u00e8 la seconda manche \u00e8 stata adattata alle variabili dell\u2019asfalto: &#8220;<em>Abbiamo provato a ridurre il gap da chi ci precedeva, ma come tutti lamentiamo un certa scivolosit\u00e0 sui tratti di asfalto nuovo<\/em>&#8220;.<\/p>\n\n\n\n<p>Quinto e primo delle vetture da turismo Davide Giorgianni, che con la Peugeot 106 della TM.Racing ha vinto il gruppo S.<\/p>\n\n\n\n<p>Bellissima la lotta per la sesta piazza: l\u2019ha spuntata Angelica Giamboi con la Fiat X 1\/9 di gruppo S , davanti al primo di gruppo A, Alessio Truscello su Peugeot 104 1400. Tra \u00a0loro solo 18 centesimi di vantaggio\u00a0 per la lady messinese che ha dichiarato: &#8220;<em>Fra una manche e l&#8217;altra abbiamo rivisto, con mio padre che mi ha assistito, l&#8217;assetto e abbiamo rifatto la convergenza per cercare di scivolare meno&#8221;.<\/em><\/p>\n\n\n\n<div class=\"wp-block-image\"><figure class=\"aligncenter size-large\"><img loading=\"lazy\" width=\"1024\" height=\"683\" src=\"https:\/\/www.messinaoggi.it\/website\/wp-content\/uploads\/2021\/06\/gianboi-1024x683.jpg\" alt=\"\" class=\"wp-image-69759\" srcset=\"https:\/\/www.messinaoggi.it\/website\/wp-content\/uploads\/2021\/06\/gianboi-1024x683.jpg 1024w, https:\/\/www.messinaoggi.it\/website\/wp-content\/uploads\/2021\/06\/gianboi-300x200.jpg 300w, https:\/\/www.messinaoggi.it\/website\/wp-content\/uploads\/2021\/06\/gianboi-768x512.jpg 768w, https:\/\/www.messinaoggi.it\/website\/wp-content\/uploads\/2021\/06\/gianboi.jpg 1080w\" sizes=\"(max-width: 1024px) 100vw, 1024px\" \/><figcaption><em><strong>Angelica Giamboi su Fiat X 1\/9 di gruppo S, sesta classificata<\/strong><\/em><\/figcaption><\/figure><\/div>\n\n\n\n<p>Ottava piazza per Silvestro Fucile della Catania Corse , con la Peugeot 205 di Gruppo S, mentre nono assoluto e vincitore del Gruppo E 1 \u00e8 risultato Gabriele Giaimo su Fiat 500 Sporting 1400. Ha chiuso la Top Ten Rosario Cassisi con la Fia X 1\/9 della Nebrosport.<\/p>\n\n\n\n<p>Giuseppe Messina, anche lui portacolori della Tm Racing, ha vinto il Gruppo N, mentre il successo in Gruppo Rs \u00e8 andato a Francesco Di Stefano su Peugeot 106.<\/p>\n\n\n\n<p>Appuntamento con il Campionato Siciliano Slalom il 3-4 Luglio con il XII\u00b0 fonti di Scillato.<\/p>\n\n\n\n<p><strong>Classifica Finale del 4\u00b0 Slalom Salice:<\/strong><\/p>\n\n\n\n<p>1 G.Ingardia( F.Ghipard 1150) p.125,20 (2\u201905\u201d20);<\/p>\n\n\n\n<p>2 \u00a0E.Schillace ( Radical Sr4 1.16) p.125,26 ( 2\u201905\u201d26); <\/p>\n\n\n\n<p>3 N.Incammisa ( Radical Sr 4 1.6) p.143,24 ( 2\u201923\u201d24); <\/p>\n\n\n\n<p>4 Santi Leo ( Radical Sr 4 1.4)p.143,27 (2\u201923\u201d27 ); <\/p>\n\n\n\n<p>5 D. Giorgianni p.151,39 ( 2\u201931\u201d39); <\/p>\n\n\n\n<p>6 A. Giamboi ( Fiat X 1\/9) p.151,75 ( 2\u201931\u201d75); <\/p>\n\n\n\n<p>7 A.Truscello (Peugeot 104) p.151,77( 2\u201931\u201d77) <\/p>\n\n\n\n<p>8 S.Fucile ( Peugeot 205) p. 152,11( 2\u201932\u201d77) <\/p>\n\n\n\n<p>9 G.Giaimo (F.Cinquecento Sporting) p. 153,36 ( 2\u201933\u201d36) <\/p>\n\n\n\n<p>10 R.Cassisi (Fiat X 1\/9) 153,61( 2?33\u201d61)<\/p>\n","protected":false},"excerpt":{"rendered":"<p>Sorpresa ma non troppo alla \u00a04\u00b0edizione dello Slalom messinese organizzato \u00a0da Top Competition e dall\u2019Associazione Ufficiali di Gara \u201cZancle\u201d e \u201cPeloro 93\u201d in collaborazione con l&#8217;Automobile Club Messina. Appassionante il duello tra il pilota mazzarese e l&#8217;idolo di casa Schillace, secondo al traguardo. Nella lotta per completare il podio Incammisa ha avuto la meglio su [&hellip;]<\/p>\n","protected":false},"author":17,"featured_media":69757,"comment_status":"open","ping_status":"open","sticky":false,"template":"","format":"standard","meta":{"ub_ctt_via":"","_mi_skip_tracking":false},"categories":[8,9],"tags":[415,2073],"featured_image_src":"https:\/\/www.messinaoggi.it\/website\/wp-content\/uploads\/2021\/06\/ingardia.jpg","author_info":{"display_name":"Giuseppe Luppino","author_link":"https:\/\/www.messinaoggi.it\/website\/author\/g-luppino\/"},"digistream_id":0,"digistream":false,"_links":{"self":[{"href":"https:\/\/www.messinaoggi.it\/website\/wp-json\/wp\/v2\/posts\/69756"}],"collection":[{"href":"https:\/\/www.messinaoggi.it\/website\/wp-json\/wp\/v2\/posts"}],"about":[{"href":"https:\/\/www.messinaoggi.it\/website\/wp-json\/wp\/v2\/types\/post"}],"author":[{"embeddable":true,"href":"https:\/\/www.messinaoggi.it\/website\/wp-json\/wp\/v2\/users\/17"}],"replies":[{"embeddable":true,"href":"https:\/\/www.messinaoggi.it\/website\/wp-json\/wp\/v2\/comments?post=69756"}],"version-history":[{"count":1,"href":"https:\/\/www.messinaoggi.it\/website\/wp-json\/wp\/v2\/posts\/69756\/revisions"}],"predecessor-version":[{"id":69760,"href":"https:\/\/www.messinaoggi.it\/website\/wp-json\/wp\/v2\/posts\/69756\/revisions\/69760"}],"wp:featuredmedia":[{"embeddable":true,"href":"https:\/\/www.messinaoggi.it\/website\/wp-json\/wp\/v2\/media\/69757"}],"wp:attachment":[{"href":"https:\/\/www.messinaoggi.it\/website\/wp-json\/wp\/v2\/media?parent=69756"}],"wp:term":[{"taxonomy":"category","embeddable":true,"href":"https:\/\/www.messinaoggi.it\/website\/wp-json\/wp\/v2\/categories?post=69756"},{"taxonomy":"post_tag","embeddable":true,"href":"https:\/\/www.messinaoggi.it\/website\/wp-json\/wp\/v2\/tags?post=69756"}],"curies":[{"name":"wp","href":"https:\/\/api.w.org\/{rel}","templated":true}]}}