{"id":69700,"date":"2021-06-20T10:25:05","date_gmt":"2021-06-20T08:25:05","guid":{"rendered":"http:\/\/www.messinaoggi.it\/website\/?p=69700"},"modified":"2021-06-20T10:25:06","modified_gmt":"2021-06-20T08:25:06","slug":"nemo-sud-navarra-fallimento-di-musumeci","status":"publish","type":"post","link":"https:\/\/www.messinaoggi.it\/website\/2021\/06\/20\/nemo-sud-navarra-fallimento-di-musumeci\/","title":{"rendered":"Nemo Sud, Navarra: Fallimento di Musumeci"},"content":{"rendered":"\n<p>Sulla chiusura del Centro Nemo Sud interviene il parlamentare messinese del Pd, Pietro Navarra. Lo fa con una nota durissima contro quello che definisce l\u2019ennesimo fallimento del governo-Musumeci.<div id=\"div-gpt-ad-Messinaoggi.it-DSK-300x250-corpoart\" style=\"text-align:center;margin:0 auto;\"><\/div><\/p>\n\n\n\n<p>Annuncia inoltre di portare la questione sul tavolo del prefetto di Messina, perch\u00e9 5mila pazienti non possono rimanere senza assistenza.<div id=\"videoincontent\" style=\"clear:both\";><\/div><\/p>\n\n\n\n<p>La battaglia per la Nemo Sud se l\u2019\u00e8 intestata anche la Uil di Messina che \u00e8 contraria alla chiusura e spinge per la sigla della convenzione con il Neurolesi.<\/p>\n\n\n\n<p>Si trasmette dichiarazione dell\u2019On. Pietro Navarra sulla vicenda del Centro Nemo Sud di Messina:<\/p>\n\n\n\n<p>\u201cRicordo una conferenza stampa dell\u2019aprile del 2019 al Policlinico Universitario dove tutti gli intervenuti, dai vertici dell\u2019Ateneo a quelli dell\u2019Azienda Ospedaliera universitaria, dai rappresentanti del Governo regionale ai parlamentari del territorio, si sperticavano in giudizi lusinghieri sulle attivit\u00e0 assistenziali del Centro Nemo Sud, considerato un\u2019eccellenza assoluta nella trattazione delle malattie neuromuscolari rare. A distanza di due anni, per\u00f2, sembra che tutti si siano dimenticati di quanto affermato allora.<\/p>\n\n\n\n<p>A fine aprile, infatti, la Fondazione Aurora Onlus,che gestisce il Nemo Sud, ha rescisso il contratto, individuando un periodo ponte che condurr\u00e0 <a href=\"x-apple-data-detectors:\/\/0\">il 30 giugno<\/a> alla cessazione di tutte le attivit\u00e0 sanitarie ed assistenziali del Centro presso il Policlinico di Messina.<\/p>\n\n\n\n<p>Di fronte alla concreta possibilit\u00e0 che 5000 persone affette da malattie rare non possano pi\u00f9 trovare risposta alla loro domanda di assistenza, i primi di maggio ben 900 famiglie di malati seguiti dal Nemo Sud hanno lanciato un accorato appello al Presidente della Regione affinch\u00e9 migliaia di pazienti, di cui una grande parte bambini, non restino senza cure.<\/p>\n\n\n\n<p>Il Presidente della Regione, nella seconda settimana di maggio, aveva solennemente affermato che era gi\u00e0 stata \u201cindividuata una nuova sede che garantir\u00e0 la continuit\u00e0 assistenziale e la salvaguardia dei lavoratori\u201d del Centro. Sembrava, quindi, che, entro i tempi previsti dalla rescissione anticipata della convenzione tra la Fondazione Aurora Onlus e il Policlinico, migliaia di pazienti gravemente malati avrebbero continuato a ricevere le dovute cure e le oltre 50 unit\u00e0 di personale medico e infermieristico specializzato avrebbero continuato a erogare le loro prestazioni professionali.   <\/p>\n\n\n\n<p>Ad oggi, a distanza di oltre un mese dalle dichiarazioni del Presidente Musumeci e a pochi giorni dalla chiusura del Centro al Policlinico di Messina, l\u2019unica cosa certa \u00e8 che 5000 pazienti affetti da gravi e rare malattie neuromuscolari saranno abbandonati a s\u00e9 stessi da una Regione sorda e insensibile ai problemi delle persone, specie quelle pi\u00f9 deboli. Una Regione che a parole promette soluzioni pronte efficaci, ma che a quelle stesse parole \u00e8 incapace di fare seguire i fatti.<\/p>\n\n\n\n<p>Ho seguito tutta la vicenda del Centro Nemo mantenendo un continuo contatto con i vertici della Fondazione Aurora Onlus e, attraverso il Partito Democratico, con le Istituzioni sanitarie regionali. Non sono voluto intervenire pubblicamente perch\u00e9 ho avuto fiducia nel Governo regionale che sembrava essere determinato a risolvere il problema. La mia fiducia, per\u00f2, sembra essere stata mal riposta e, ancor peggio, \u00e8 stata mal riposta la fiducia di migliaia di famiglie siciliane e calabresi che lottano ogni giorno contro una malattia neouromuscolare. <\/p>\n\n\n\n<p>Investir\u00f2 della questione il Prefetto, perch\u00e9 ritengo che, qualunque sar\u00e0 l\u2019esito finale di questa vicenda, l\u2019immobilismo con il quale si avvicina la data di sospensione delle prestazioni, rappresenti un grave elemento di pericolo per la salute degli assistiti che potrebbero ritrovarsi \u2013 nella migliore delle ipotesi, per alcune settimane \u2013 senza alcuna assistenza. E, ancora, spero che il Prefetto possa intervenire a tutela degli aspetti occupazionali messi a rischio dalle mancate promesse della Regione.<\/p>\n\n\n\n<p>Chieder\u00f2 alla deputazione regionale del Partito Democratico all\u2019Ars di assumere ogni iniziativa utile per mettere a nudo le responsabilit\u00e0 del Governo Musumeci difronte a questo ennesimo fallimento e spiegare la sua colpevole e inspiegabile inerzia nell\u2019affrontare e risolvere questa grave vicenda. Forse, per\u00f2, nella logica malsana di chi governa la sanit\u00e0 regionale una spiegazione di questa inerzia potrebbe anche esserci: distruggere ci\u00f2 che di buono c\u2019\u00e8 nella provincia di Messina e trasferirlo altrove, magari a Catania o a Palermo\u201d.<br><\/p>\n","protected":false},"excerpt":{"rendered":"<p>Sulla chiusura del Centro Nemo Sud interviene il parlamentare messinese del Pd, Pietro Navarra. Lo fa con una nota durissima contro quello che definisce l\u2019ennesimo fallimento del governo-Musumeci. Annuncia inoltre di portare la questione sul tavolo del prefetto di Messina, perch\u00e9 5mila pazienti non possono rimanere senza assistenza. La battaglia per la Nemo Sud se [&hellip;]<\/p>\n","protected":false},"author":2,"featured_media":15290,"comment_status":"open","ping_status":"open","sticky":false,"template":"","format":"standard","meta":{"ub_ctt_via":"","_mi_skip_tracking":false},"categories":[5],"tags":[1609,942,1338],"featured_image_src":"https:\/\/www.messinaoggi.it\/website\/wp-content\/uploads\/2018\/02\/navarra-N82A8454-1.jpg","author_info":{"display_name":"Redazione","author_link":"https:\/\/www.messinaoggi.it\/website\/author\/redazione\/"},"digistream_id":0,"digistream":false,"_links":{"self":[{"href":"https:\/\/www.messinaoggi.it\/website\/wp-json\/wp\/v2\/posts\/69700"}],"collection":[{"href":"https:\/\/www.messinaoggi.it\/website\/wp-json\/wp\/v2\/posts"}],"about":[{"href":"https:\/\/www.messinaoggi.it\/website\/wp-json\/wp\/v2\/types\/post"}],"author":[{"embeddable":true,"href":"https:\/\/www.messinaoggi.it\/website\/wp-json\/wp\/v2\/users\/2"}],"replies":[{"embeddable":true,"href":"https:\/\/www.messinaoggi.it\/website\/wp-json\/wp\/v2\/comments?post=69700"}],"version-history":[{"count":1,"href":"https:\/\/www.messinaoggi.it\/website\/wp-json\/wp\/v2\/posts\/69700\/revisions"}],"predecessor-version":[{"id":69701,"href":"https:\/\/www.messinaoggi.it\/website\/wp-json\/wp\/v2\/posts\/69700\/revisions\/69701"}],"wp:featuredmedia":[{"embeddable":true,"href":"https:\/\/www.messinaoggi.it\/website\/wp-json\/wp\/v2\/media\/15290"}],"wp:attachment":[{"href":"https:\/\/www.messinaoggi.it\/website\/wp-json\/wp\/v2\/media?parent=69700"}],"wp:term":[{"taxonomy":"category","embeddable":true,"href":"https:\/\/www.messinaoggi.it\/website\/wp-json\/wp\/v2\/categories?post=69700"},{"taxonomy":"post_tag","embeddable":true,"href":"https:\/\/www.messinaoggi.it\/website\/wp-json\/wp\/v2\/tags?post=69700"}],"curies":[{"name":"wp","href":"https:\/\/api.w.org\/{rel}","templated":true}]}}