{"id":697,"date":"2017-05-28T13:32:39","date_gmt":"2017-05-28T11:32:39","guid":{"rendered":"http:\/\/www.messinaoggi.it\/website\/?p=697"},"modified":"2017-05-28T13:32:39","modified_gmt":"2017-05-28T11:32:39","slug":"e-uscito-il-27-gennaio-lalbum-dei-veivecura","status":"publish","type":"post","link":"https:\/\/www.messinaoggi.it\/website\/2017\/05\/28\/e-uscito-il-27-gennaio-lalbum-dei-veivecura\/","title":{"rendered":"E&#039; uscito il 27 gennaio l&#039;album dei VeiveCura"},"content":{"rendered":"<p>I <strong>VeiveCura<\/strong>, la band modicana, presenteranno il loro nuovo album <strong>&#8220;Me+1&#8221;<\/strong> nel tour partito da Catania. VeiveCura nasce in Sicilia ed \u00e8 stata fondata da <strong>Davide Iacono<\/strong> come progetto solista nel 2010.<br \/>\nNel corso dei concerti, Davide \u00e8 accompagnato sul palco da: Salvo Scucces (synth, percussioni, sax soprano, programmazione), <strong>Salvo Puma (<\/strong>chitarra elettrica, basso, programmazione) e <strong>Milo Isgr\u00f2<\/strong> (batteria). Questo \u00e8 il quarto disco, realizzato dal gruppo musicale che propone un sound rinnovato e sperimentazioni su ritmi e armonie.<br \/>\n<strong>Le date<\/strong> del tour italiano dei VeiveCura: sabato 28 gennaio: MA, Catania; venerd\u00ec 3 febbraio: RETRONOUVEAU, Messina; venerd\u00ec 17 febbraio: SMAV, Santa Maria A Vico (CE); sabato 18 febbraio: LE MURA, Roma; domenica 19 febbraio: GALA CAFF\u00c9, Martinsicuro (TE); venerd\u00ec 24 febbraio: EDEN CAF\u00c9, Treviso; domenica 26 febbraio: WOPA, Parma; mercoled\u00ec 1 marzo: ARCI OHIB\u00d2, Milano; sabato 4 marzo: 8BIT, Montelupo Fiorentino (FI); venerd\u00ec 10 marzo: BEBOP, Taranto; sabato 11 marzo: SOUND MUSIC CLUB, Frattamaggiore (NA).<br \/>\nVeiveCura nel 2015 entra nella classifica dei dieci Best Live e Davide vince il premio di miglior Musicista Live secondo KeepOn (circuito live club italiani).<br \/>\n<strong>Erika Oppedisano<\/strong><div id=\"div-gpt-ad-Messinaoggi.it-DSK-300x250-corpoart\" style=\"text-align:center;margin:0 auto;\"><\/div><\/p>\n<div id=\"videoincontent\" style=\"clear:both\";><\/div>","protected":false},"excerpt":{"rendered":"<p>I VeiveCura, la band modicana, presenteranno il loro nuovo album &#8220;Me+1&#8221; nel tour partito da Catania. VeiveCura nasce in Sicilia ed \u00e8 stata fondata da Davide Iacono come progetto solista nel 2010. Nel corso dei concerti, Davide \u00e8 accompagnato sul palco da: Salvo Scucces (synth, percussioni, sax soprano, programmazione), Salvo Puma (chitarra elettrica, basso, programmazione) [&hellip;]<\/p>\n","protected":false},"author":5,"featured_media":698,"comment_status":"closed","ping_status":"open","sticky":false,"template":"","format":"standard","meta":{"ub_ctt_via":"","_mi_skip_tracking":false},"categories":[17],"tags":[],"featured_image_src":"https:\/\/www.messinaoggi.it\/website\/wp-content\/uploads\/2017\/05\/veivecura-album-2.jpg","author_info":{"display_name":"Maria Antonella Saia","author_link":"https:\/\/www.messinaoggi.it\/website\/author\/m-saia\/"},"digistream_id":0,"digistream":false,"_links":{"self":[{"href":"https:\/\/www.messinaoggi.it\/website\/wp-json\/wp\/v2\/posts\/697"}],"collection":[{"href":"https:\/\/www.messinaoggi.it\/website\/wp-json\/wp\/v2\/posts"}],"about":[{"href":"https:\/\/www.messinaoggi.it\/website\/wp-json\/wp\/v2\/types\/post"}],"author":[{"embeddable":true,"href":"https:\/\/www.messinaoggi.it\/website\/wp-json\/wp\/v2\/users\/5"}],"replies":[{"embeddable":true,"href":"https:\/\/www.messinaoggi.it\/website\/wp-json\/wp\/v2\/comments?post=697"}],"version-history":[{"count":0,"href":"https:\/\/www.messinaoggi.it\/website\/wp-json\/wp\/v2\/posts\/697\/revisions"}],"wp:featuredmedia":[{"embeddable":true,"href":"https:\/\/www.messinaoggi.it\/website\/wp-json\/wp\/v2\/media\/698"}],"wp:attachment":[{"href":"https:\/\/www.messinaoggi.it\/website\/wp-json\/wp\/v2\/media?parent=697"}],"wp:term":[{"taxonomy":"category","embeddable":true,"href":"https:\/\/www.messinaoggi.it\/website\/wp-json\/wp\/v2\/categories?post=697"},{"taxonomy":"post_tag","embeddable":true,"href":"https:\/\/www.messinaoggi.it\/website\/wp-json\/wp\/v2\/tags?post=697"}],"curies":[{"name":"wp","href":"https:\/\/api.w.org\/{rel}","templated":true}]}}