{"id":69671,"date":"2021-06-20T14:30:00","date_gmt":"2021-06-20T12:30:00","guid":{"rendered":"http:\/\/www.messinaoggi.it\/website\/?p=69671"},"modified":"2021-06-19T23:47:13","modified_gmt":"2021-06-19T21:47:13","slug":"nuoto-power-team-messina-gli-esordienti-rispondono-alla-grande","status":"publish","type":"post","link":"https:\/\/www.messinaoggi.it\/website\/2021\/06\/20\/nuoto-power-team-messina-gli-esordienti-rispondono-alla-grande\/","title":{"rendered":"NUOTO &#8211; Power Team Messina, gli esordienti rispondono alla grande"},"content":{"rendered":"\n<p>Bilancio positivo per la Power Team nella seconda prova del Campionato Italiano Esordienti B e A di nuoto su base regionale, che si \u00e8 svolta, per la Sicilia orientale, nella piscina \u201cMirko Lagan\u00e0\u201d dell\u2019impianto natatorio Cappuccini.<div id=\"div-gpt-ad-Messinaoggi.it-DSK-300x250-corpoart\" style=\"text-align:center;margin:0 auto;\"><\/div><\/p>\n\n\n\n<p>Antonio Ammendolia si \u00e8 classificato terzo sia nei 100 rana che nei 100 dorso Esordienti A. Quarti, invece, Gabriele Tavelli (100 e 200 dorso) e Francesca Merlino nei 200 farfalla, entrambi primo anno Es, A. <div id=\"videoincontent\" style=\"clear:both\";><\/div><\/p>\n\n\n\n<div class=\"wp-block-image\"><figure class=\"aligncenter size-large\"><img loading=\"lazy\" width=\"1024\" height=\"683\" src=\"https:\/\/www.messinaoggi.it\/website\/wp-content\/uploads\/2021\/06\/Il-tecnico-Gabriele-Grifo-POWER-TEAM-1-1024x683.jpg\" alt=\"\" class=\"wp-image-69674\" srcset=\"https:\/\/www.messinaoggi.it\/website\/wp-content\/uploads\/2021\/06\/Il-tecnico-Gabriele-Grifo-POWER-TEAM-1-1024x683.jpg 1024w, https:\/\/www.messinaoggi.it\/website\/wp-content\/uploads\/2021\/06\/Il-tecnico-Gabriele-Grifo-POWER-TEAM-1-300x200.jpg 300w, https:\/\/www.messinaoggi.it\/website\/wp-content\/uploads\/2021\/06\/Il-tecnico-Gabriele-Grifo-POWER-TEAM-1-768x512.jpg 768w, https:\/\/www.messinaoggi.it\/website\/wp-content\/uploads\/2021\/06\/Il-tecnico-Gabriele-Grifo-POWER-TEAM-1-1536x1024.jpg 1536w, https:\/\/www.messinaoggi.it\/website\/wp-content\/uploads\/2021\/06\/Il-tecnico-Gabriele-Grifo-POWER-TEAM-1.jpg 2048w\" sizes=\"(max-width: 1024px) 100vw, 1024px\" \/><figcaption><em><strong>Il tecnico Gabriele Grif\u00f2 (Power Team Messina)<\/strong><\/em><\/figcaption><\/figure><\/div>\n\n\n\n<p><em>\u201cLa maggior parte dei ragazzi si \u00e8 cimentata in gare diverse da quelle privilegiate per distanze e, soprattutto, stili<\/em> &#8211; commenta l\u2019allenatore della Power Team Gabriele Grif\u00f2 &#8211; <em>l\u2019obiettivo \u00e8 di creare un percorso virtuoso, che porti gli atleti alla massima versatilit\u00e0, al fine di &#8220;specializzarli&#8221; poi in et\u00e0 pi\u00f9 avanzata. Siamo estremamente soddisfatti delle risposte date dai powertini, che in questa tornata di competizioni hanno ottenuto circa il 90% di personal best\u201d.<\/em> <\/p>\n\n\n\n<div class=\"wp-block-image\"><figure class=\"aligncenter size-large\"><img loading=\"lazy\" width=\"1024\" height=\"682\" src=\"https:\/\/www.messinaoggi.it\/website\/wp-content\/uploads\/2021\/06\/Antonio-Ammendolia-POWER-TEAM-1.jpeg\" alt=\"\" class=\"wp-image-69675\" srcset=\"https:\/\/www.messinaoggi.it\/website\/wp-content\/uploads\/2021\/06\/Antonio-Ammendolia-POWER-TEAM-1.jpeg 1024w, https:\/\/www.messinaoggi.it\/website\/wp-content\/uploads\/2021\/06\/Antonio-Ammendolia-POWER-TEAM-1-300x200.jpeg 300w, https:\/\/www.messinaoggi.it\/website\/wp-content\/uploads\/2021\/06\/Antonio-Ammendolia-POWER-TEAM-1-768x512.jpeg 768w\" sizes=\"(max-width: 1024px) 100vw, 1024px\" \/><figcaption><em><strong>Antonio Ammendolia (Power Team Messina)<\/strong><\/em><\/figcaption><\/figure><\/div>\n\n\n\n<p>Prossimo appuntamento per la categoria gi\u00e0 fissato ed evidenziato in calendario il 10 e 11 luglio. Proseguono, intanto, gli allenamenti a Villa Dante, dove si gettano giornalmente le basi per raggiungere i traguardi prefissati.\u00a0\u00a0\u00a0\u00a0\u00a0\u00a0\u00a0\u00a0<\/p>\n","protected":false},"excerpt":{"rendered":"<p>Bilancio positivo per la Power Team nella seconda prova del Campionato Italiano Esordienti B e A di nuoto su base regionale, che si \u00e8 svolta, per la Sicilia orientale, nella piscina \u201cMirko Lagan\u00e0\u201d dell\u2019impianto natatorio Cappuccini. Antonio Ammendolia si \u00e8 classificato terzo sia nei 100 rana che nei 100 dorso Esordienti A. Quarti, invece, Gabriele [&hellip;]<\/p>\n","protected":false},"author":17,"featured_media":69673,"comment_status":"open","ping_status":"open","sticky":false,"template":"","format":"standard","meta":{"ub_ctt_via":"","_mi_skip_tracking":false},"categories":[8,9],"tags":[2317,2318,359],"featured_image_src":"https:\/\/www.messinaoggi.it\/website\/wp-content\/uploads\/2021\/06\/Antonio-Ammendolia-in-azione-POWER-TEAM.jpeg","author_info":{"display_name":"Giuseppe Luppino","author_link":"https:\/\/www.messinaoggi.it\/website\/author\/g-luppino\/"},"digistream_id":0,"digistream":false,"_links":{"self":[{"href":"https:\/\/www.messinaoggi.it\/website\/wp-json\/wp\/v2\/posts\/69671"}],"collection":[{"href":"https:\/\/www.messinaoggi.it\/website\/wp-json\/wp\/v2\/posts"}],"about":[{"href":"https:\/\/www.messinaoggi.it\/website\/wp-json\/wp\/v2\/types\/post"}],"author":[{"embeddable":true,"href":"https:\/\/www.messinaoggi.it\/website\/wp-json\/wp\/v2\/users\/17"}],"replies":[{"embeddable":true,"href":"https:\/\/www.messinaoggi.it\/website\/wp-json\/wp\/v2\/comments?post=69671"}],"version-history":[{"count":1,"href":"https:\/\/www.messinaoggi.it\/website\/wp-json\/wp\/v2\/posts\/69671\/revisions"}],"predecessor-version":[{"id":69676,"href":"https:\/\/www.messinaoggi.it\/website\/wp-json\/wp\/v2\/posts\/69671\/revisions\/69676"}],"wp:featuredmedia":[{"embeddable":true,"href":"https:\/\/www.messinaoggi.it\/website\/wp-json\/wp\/v2\/media\/69673"}],"wp:attachment":[{"href":"https:\/\/www.messinaoggi.it\/website\/wp-json\/wp\/v2\/media?parent=69671"}],"wp:term":[{"taxonomy":"category","embeddable":true,"href":"https:\/\/www.messinaoggi.it\/website\/wp-json\/wp\/v2\/categories?post=69671"},{"taxonomy":"post_tag","embeddable":true,"href":"https:\/\/www.messinaoggi.it\/website\/wp-json\/wp\/v2\/tags?post=69671"}],"curies":[{"name":"wp","href":"https:\/\/api.w.org\/{rel}","templated":true}]}}