{"id":6967,"date":"2017-08-29T15:09:37","date_gmt":"2017-08-29T13:09:37","guid":{"rendered":"http:\/\/www.messinaoggi.it\/website\/?p=6967"},"modified":"2017-08-29T15:09:37","modified_gmt":"2017-08-29T13:09:37","slug":"piau-de-cola-chi-parla-di-speculazione-o-non-lha-guardato-oppure-e-in-malafede","status":"publish","type":"post","link":"https:\/\/www.messinaoggi.it\/website\/2017\/08\/29\/piau-de-cola-chi-parla-di-speculazione-o-non-lha-guardato-oppure-e-in-malafede\/","title":{"rendered":"Piau, De Cola: Chi parla di speculazione o non l\u2019ha guardato oppure \u00e8 in malafede"},"content":{"rendered":"<p style=\"text-align: justify\">\u201cIl Piau, presentato pi\u00f9 volte anche nella sua parte normativa, \u00e8 un progetto e come tale pu\u00f2 essere condiviso o meno. Essendo a scala urbanistica \u00e8 comunque il Consiglio Comunale che deve esprimersi in merito alla sua qualit\u00e0 e decidere se le sue caratteristiche sono adeguate\u201d. <strong>Questo \u00e8 il pensiero dell\u2019assessore alle Politiche del Territorio, Sergio De Cola.<\/strong><div id=\"div-gpt-ad-Messinaoggi.it-DSK-300x250-corpoart\" style=\"text-align:center;margin:0 auto;\"><\/div><\/p>\n<p style=\"text-align: justify\">\u201c<strong>Chi parla di speculazione o non ha guardato il piano oppure \u00e8 in malafede perch\u00e9 il Piau, nell\u2019ipotesi di massima realizzazione, prevede volumetrie minori di quelle oggi esistenti ed un considerevole incremento degli standard urbanistici in termini di parcheggi, verde ed attrezzature pubbliche, spazi urbani ed aree e di interesse comune.<\/strong> Analogamente parlare di ingenti trasferimenti di volumi non ha alcun senso perch\u00e9 le volumetrie comunque realizzabili sono, ripeto, inferiori a quelle esistenti. Le caratteristiche geologiche dell\u2019area anche sulla scorta delle integrazioni prodotte, sono probabilmente le pi\u00f9 indagate della citt\u00e0 e conseguentemente le previsioni d\u2019intervento possono essere, e cos\u00ec \u00e8 stato fatto, calibrate in conseguenza.<div id=\"videoincontent\" style=\"clear:both\";><\/div><\/p>\n<p style=\"text-align: justify\">\u201c<strong>C\u2019\u00e8 una proposta avviata dal Management precedente che &#8211; conclude De Cola &#8211; nell\u2019interesse della citt\u00e0 \u00e8 stata portata avanti in base al principio della continuit\u00e0 amministrativa che adesso va valutata, approvata, modificata o bocciata assumendosi in questo caso, la responsabilit\u00e0 di bloccare un processo di riqualificazione urbana ed un volano economico entrambi importanti.<\/strong> L\u2019azione dell\u2019Amministrazione in materia di politiche del territorio va certamente valutata ma i positivi riscontri avuti a livello nazionale, compreso quanto riportato sulla prima pagina di Repubblica di oggi, ci dicono che la direzione presa sembra quella giusta\u201d.<\/p>\n","protected":false},"excerpt":{"rendered":"<p>\u201cIl Piau, presentato pi\u00f9 volte anche nella sua parte normativa, \u00e8 un progetto e come tale pu\u00f2 essere condiviso o meno. Essendo a scala urbanistica \u00e8 comunque il Consiglio Comunale che deve esprimersi in merito alla sua qualit\u00e0 e decidere se le sue caratteristiche sono adeguate\u201d. Questo \u00e8 il pensiero dell\u2019assessore alle Politiche del Territorio, [&hellip;]<\/p>\n","protected":false},"author":7,"featured_media":3309,"comment_status":"closed","ping_status":"open","sticky":false,"template":"","format":"standard","meta":{"ub_ctt_via":"","_mi_skip_tracking":false},"categories":[5],"tags":[],"featured_image_src":"https:\/\/www.messinaoggi.it\/website\/wp-content\/uploads\/2017\/06\/palazzo-zanca-fontana-della-pigna-messinaoggi-2.jpg","author_info":{"display_name":"Redazione1","author_link":"https:\/\/www.messinaoggi.it\/website\/author\/redazione1\/"},"digistream_id":0,"digistream":false,"_links":{"self":[{"href":"https:\/\/www.messinaoggi.it\/website\/wp-json\/wp\/v2\/posts\/6967"}],"collection":[{"href":"https:\/\/www.messinaoggi.it\/website\/wp-json\/wp\/v2\/posts"}],"about":[{"href":"https:\/\/www.messinaoggi.it\/website\/wp-json\/wp\/v2\/types\/post"}],"author":[{"embeddable":true,"href":"https:\/\/www.messinaoggi.it\/website\/wp-json\/wp\/v2\/users\/7"}],"replies":[{"embeddable":true,"href":"https:\/\/www.messinaoggi.it\/website\/wp-json\/wp\/v2\/comments?post=6967"}],"version-history":[{"count":0,"href":"https:\/\/www.messinaoggi.it\/website\/wp-json\/wp\/v2\/posts\/6967\/revisions"}],"wp:featuredmedia":[{"embeddable":true,"href":"https:\/\/www.messinaoggi.it\/website\/wp-json\/wp\/v2\/media\/3309"}],"wp:attachment":[{"href":"https:\/\/www.messinaoggi.it\/website\/wp-json\/wp\/v2\/media?parent=6967"}],"wp:term":[{"taxonomy":"category","embeddable":true,"href":"https:\/\/www.messinaoggi.it\/website\/wp-json\/wp\/v2\/categories?post=6967"},{"taxonomy":"post_tag","embeddable":true,"href":"https:\/\/www.messinaoggi.it\/website\/wp-json\/wp\/v2\/tags?post=6967"}],"curies":[{"name":"wp","href":"https:\/\/api.w.org\/{rel}","templated":true}]}}