{"id":69633,"date":"2021-06-20T08:00:46","date_gmt":"2021-06-20T06:00:46","guid":{"rendered":"http:\/\/www.messinaoggi.it\/website\/?p=69633"},"modified":"2021-06-20T10:08:40","modified_gmt":"2021-06-20T08:08:40","slug":"meteo-da-lunedi-punte-oltre-40-gradi","status":"publish","type":"post","link":"https:\/\/www.messinaoggi.it\/website\/2021\/06\/20\/meteo-da-lunedi-punte-oltre-40-gradi\/","title":{"rendered":"Meteo, da luned\u00ec punte oltre 40 gradi"},"content":{"rendered":"\n<p>L&#8217; estate del 2021 si scrolla di dosso le sue incertezze, propinandoci una temibilissima ondata di calore sicuramente da precauzionare.<div id=\"div-gpt-ad-Messinaoggi.it-DSK-300x250-corpoart\" style=\"text-align:center;margin:0 auto;\"><\/div><\/p>\n\n\n\n<p>Da qualche giorno, l\u2019anticiclone delle Azzorre ha ripreso piena padronanza del bacino centrale del Mediterraneo, rinnovando condizioni spiccatamente stabili, avvettando una mite +15 a 850 hpa fino a venerd\u00ec.<div id=\"videoincontent\" style=\"clear:both\";><\/div><\/p>\n\n\n\n<p>Purtroppo, il pattern che si sta installando intrappoler\u00e0 ineluttabilmente in una sorta di &#8220;fiume rovente&#8221; che sta per sgorgare dagli infuocati deserti algerini.<\/p>\n\n\n\n<p>Sinotticamente, ad accendere questo atroce tizzone subtropicale sar\u00e0 una ansa depressionaria atlantica, il cui minimo andr\u00e0 a flettere inesorabilmente sul golfo di Guascogna.<\/p>\n\n\n\n<p>La direttrice iberica del ramo discendente del getto polare bloccato per svariati giorni, innescher\u00e0 celermente una intensa risposta subtropicale, con il ramo ascendente pronto a radicarsi sulle nostre lande almeno fino a fine mese.<\/p>\n\n\n\n<p>In una prima fase, si tratter\u00e0 di un flusso di correnti secche, ma la stasi altopressoria cagioner\u00e0 un insalubre ristagno di umidit\u00e0 nei bassi strati, che si riscontrer\u00e0 e percepir\u00e0 nettamente a partire dal pomeriggio di marted\u00ec.<\/p>\n\n\n\n<p>Con questo quadro sinottico inamovibile, l&#8217;estate siciliana far\u00e0 il salto di qualit\u00e0, con la stabilit\u00e0 atmosferica che non verr\u00e0 mai inficiata da lesioni bariche.<\/p>\n\n\n\n<p>Il soleggiamento sar\u00e0 preonderante ovunque, salvo la presenza di qualche innocuo cirro sparso soprattutto domenicale, indice dell&#8217;avvento della heat wave.<\/p>\n\n\n\n<p>Il vento cavaliere sar\u00e0 di buona lena sull&#8217;area dello Stretto, con raffiche che potranno oscillare dai 40 ai locali 45 km\/h sulla riviera meridionale, increspando nettamente questo bacino nelle ore centrali.<\/p>\n\n\n\n<p>Anche il Tirreno meridionale dovrebbe essere parzialmente mitigato da una apprezzabile brezza settentrionale (NE) che manterr\u00e0 balneabile questo braccio di mare, ormai abbastanza tiepido da giorni.<\/p>\n\n\n\n<p>La temperatura \u00e8 destinata ad una marcata ascesa domenicale, con la colonnina di mercurio che fluttuer\u00e0 dai 23\u00b0 di minima ai 33-34\u00b0 di massima registrati all&#8217;ombra al livello del mare. Ma \u00e8 bene rammentare e puntualizzare che la prerogativa di questa avvezione calda sar\u00e0 la prevalenza di aria secca nei bassi strati soltanto nei primi 3 giorni. Far\u00e0 certamente caldo, ma la sensazione di disagio corporeo sar\u00e0 ridimensionata anche dalla provvidenziale brezza marina.<\/p>\n\n\n\n<p>Le tendenze del tempo a medio termine prefigurano una allarmante estremizzazione del MALTEMPO SUBTROPICALE almeno fino al 30 Giugno.<\/p>\n\n\n\n<p>Il cut off atlantico non \u00e8 intenzionato a sloggiare dalla penisola iberica, esponendo la Sicilia ad una severissima ondata di calore duratura, con una temibile +27 a 850 hpa che non promette assolutamente nulla di buono.<\/p>\n\n\n\n<p>Si ipotizzano punte di 42-43\u00b0 lungo le coste tirreniche, mentre l&#8217;ostro strettese a regime di zefiro dovrebbe in parte sgravare la calura lungo la riviera strettese. Le minime difficilmente discenderanno sotto i 28\u00b0. Ci attendono 10 giorni infernali, auguriamoci che la gente usi il buon senso di NON INDOSSARE MAI la mascherina all&#8217;aperto. E al primo sbrisolo fresco a 500 hpa saranno dolori. Un grazie di cuore e arrivederci.<\/p>\n\n\n\n<p><strong>Alessio Campobello<\/strong><\/p>\n","protected":false},"excerpt":{"rendered":"<p>L&#8217; estate del 2021 si scrolla di dosso le sue incertezze, propinandoci una temibilissima ondata di calore sicuramente da precauzionare. Da qualche giorno, l\u2019anticiclone delle Azzorre ha ripreso piena padronanza del bacino centrale del Mediterraneo, rinnovando condizioni spiccatamente stabili, avvettando una mite +15 a 850 hpa fino a venerd\u00ec. Purtroppo, il pattern che si sta [&hellip;]<\/p>\n","protected":false},"author":8,"featured_media":69565,"comment_status":"open","ping_status":"open","sticky":false,"template":"","format":"standard","meta":{"ub_ctt_via":"","_mi_skip_tracking":false},"categories":[5],"tags":[178],"featured_image_src":"https:\/\/www.messinaoggi.it\/website\/wp-content\/uploads\/2021\/06\/IMG-20210619-WA0008.jpg","author_info":{"display_name":"red..me","author_link":"https:\/\/www.messinaoggi.it\/website\/author\/redstage\/"},"digistream_id":0,"digistream":false,"_links":{"self":[{"href":"https:\/\/www.messinaoggi.it\/website\/wp-json\/wp\/v2\/posts\/69633"}],"collection":[{"href":"https:\/\/www.messinaoggi.it\/website\/wp-json\/wp\/v2\/posts"}],"about":[{"href":"https:\/\/www.messinaoggi.it\/website\/wp-json\/wp\/v2\/types\/post"}],"author":[{"embeddable":true,"href":"https:\/\/www.messinaoggi.it\/website\/wp-json\/wp\/v2\/users\/8"}],"replies":[{"embeddable":true,"href":"https:\/\/www.messinaoggi.it\/website\/wp-json\/wp\/v2\/comments?post=69633"}],"version-history":[{"count":1,"href":"https:\/\/www.messinaoggi.it\/website\/wp-json\/wp\/v2\/posts\/69633\/revisions"}],"predecessor-version":[{"id":69634,"href":"https:\/\/www.messinaoggi.it\/website\/wp-json\/wp\/v2\/posts\/69633\/revisions\/69634"}],"wp:featuredmedia":[{"embeddable":true,"href":"https:\/\/www.messinaoggi.it\/website\/wp-json\/wp\/v2\/media\/69565"}],"wp:attachment":[{"href":"https:\/\/www.messinaoggi.it\/website\/wp-json\/wp\/v2\/media?parent=69633"}],"wp:term":[{"taxonomy":"category","embeddable":true,"href":"https:\/\/www.messinaoggi.it\/website\/wp-json\/wp\/v2\/categories?post=69633"},{"taxonomy":"post_tag","embeddable":true,"href":"https:\/\/www.messinaoggi.it\/website\/wp-json\/wp\/v2\/tags?post=69633"}],"curies":[{"name":"wp","href":"https:\/\/api.w.org\/{rel}","templated":true}]}}