{"id":69534,"date":"2021-06-19T09:17:02","date_gmt":"2021-06-19T07:17:02","guid":{"rendered":"http:\/\/www.messinaoggi.it\/website\/?p=69534"},"modified":"2021-06-19T09:17:03","modified_gmt":"2021-06-19T07:17:03","slug":"stretto-germana-la-sicilia-non-puo-e-non-deve-rimanere-isolata","status":"publish","type":"post","link":"https:\/\/www.messinaoggi.it\/website\/2021\/06\/19\/stretto-germana-la-sicilia-non-puo-e-non-deve-rimanere-isolata\/","title":{"rendered":"Stretto, German\u00e0: \u201cLa Sicilia non pu\u00f2 e non deve rimanere isolata\u201d"},"content":{"rendered":"\n<p>\u201cDa anni ci battiamo come centrodestra per la realizzazione del Ponte sullo Stretto, un sogno gi\u00e0 realizzabile nel lontano 2008. Oggi il viceministro Morelli ha risposto ad una mia interpellanza concordando sulla necessit\u00e0 di fare passi avanti per la realizzazione dell\u2019opera&#8221;. Lo dichiara il deputato della Lega Nino German\u00e0.<div id=\"div-gpt-ad-Messinaoggi.it-DSK-300x250-corpoart\" style=\"text-align:center;margin:0 auto;\"><\/div><\/p>\n\n\n\n<p>&#8220;Un grande lavoro di squadra della Lega che sta spingendo anche in Europa grazie all\u2019interessamento delle deputate Tardino e Bonfrisco. Anche l\u2019Europa ritiene che la Sicilia non possa rimanere isolata ed \u00e8 assolutamente favorevole a un attraversamento stabile dello Stretto, ritenuto strategico per potenziare la rete transeuropea dei trasporti. Un progetto cantierabile e ben studiato gi\u00e0 esiste: un ponte a campata unica. <div id=\"videoincontent\" style=\"clear:both\";><\/div><\/p>\n\n\n\n<p>&#8220;Le altre proposte di Pd e M5S, sembrano solo voler ostacolare il progetto, data l\u2019evidenza del danno ambientale, dei costi esorbitanti e delle lungaggini previste optando per un ponte a pi\u00f9 campate. Da messinese sar\u00f2 sempre in prima linea con il governo per la fattibilit\u00e0 di questo disegno. La Sicilia non pu\u00f2 e non deve rimanere isolata\u201d.<\/p>\n","protected":false},"excerpt":{"rendered":"<p>\u201cDa anni ci battiamo come centrodestra per la realizzazione del Ponte sullo Stretto, un sogno gi\u00e0 realizzabile nel lontano 2008. Oggi il viceministro Morelli ha risposto ad una mia interpellanza concordando sulla necessit\u00e0 di fare passi avanti per la realizzazione dell\u2019opera&#8221;. Lo dichiara il deputato della Lega Nino German\u00e0. &#8220;Un grande lavoro di squadra della [&hellip;]<\/p>\n","protected":false},"author":8,"featured_media":61090,"comment_status":"open","ping_status":"open","sticky":false,"template":"","format":"standard","meta":{"ub_ctt_via":"","_mi_skip_tracking":false},"categories":[4],"tags":[1082,70],"featured_image_src":"https:\/\/www.messinaoggi.it\/website\/wp-content\/uploads\/2021\/04\/3022851C-A5E9-4B3C-A4C6-AD49F43EBEBC.jpeg","author_info":{"display_name":"red..me","author_link":"https:\/\/www.messinaoggi.it\/website\/author\/redstage\/"},"digistream_id":0,"digistream":false,"_links":{"self":[{"href":"https:\/\/www.messinaoggi.it\/website\/wp-json\/wp\/v2\/posts\/69534"}],"collection":[{"href":"https:\/\/www.messinaoggi.it\/website\/wp-json\/wp\/v2\/posts"}],"about":[{"href":"https:\/\/www.messinaoggi.it\/website\/wp-json\/wp\/v2\/types\/post"}],"author":[{"embeddable":true,"href":"https:\/\/www.messinaoggi.it\/website\/wp-json\/wp\/v2\/users\/8"}],"replies":[{"embeddable":true,"href":"https:\/\/www.messinaoggi.it\/website\/wp-json\/wp\/v2\/comments?post=69534"}],"version-history":[{"count":1,"href":"https:\/\/www.messinaoggi.it\/website\/wp-json\/wp\/v2\/posts\/69534\/revisions"}],"predecessor-version":[{"id":69541,"href":"https:\/\/www.messinaoggi.it\/website\/wp-json\/wp\/v2\/posts\/69534\/revisions\/69541"}],"wp:featuredmedia":[{"embeddable":true,"href":"https:\/\/www.messinaoggi.it\/website\/wp-json\/wp\/v2\/media\/61090"}],"wp:attachment":[{"href":"https:\/\/www.messinaoggi.it\/website\/wp-json\/wp\/v2\/media?parent=69534"}],"wp:term":[{"taxonomy":"category","embeddable":true,"href":"https:\/\/www.messinaoggi.it\/website\/wp-json\/wp\/v2\/categories?post=69534"},{"taxonomy":"post_tag","embeddable":true,"href":"https:\/\/www.messinaoggi.it\/website\/wp-json\/wp\/v2\/tags?post=69534"}],"curies":[{"name":"wp","href":"https:\/\/api.w.org\/{rel}","templated":true}]}}