{"id":69389,"date":"2021-06-18T09:00:55","date_gmt":"2021-06-18T07:00:55","guid":{"rendered":"http:\/\/www.messinaoggi.it\/website\/?p=69389"},"modified":"2021-06-18T09:01:04","modified_gmt":"2021-06-18T07:01:04","slug":"granatari-frontale-tra-scooter-un-ferito-grave","status":"publish","type":"post","link":"https:\/\/www.messinaoggi.it\/website\/2021\/06\/18\/granatari-frontale-tra-scooter-un-ferito-grave\/","title":{"rendered":"Granatari, frontale tra scooter: un ferito grave"},"content":{"rendered":"\n<p>Scontro frontale tra scooter nella riviera nord. Ieri pomeriggio, intorno alle 17 e 50, si \u00e8 verificato un incidente sulla SS 133dir, a Granatari.<div id=\"div-gpt-ad-Messinaoggi.it-DSK-300x250-corpoart\" style=\"text-align:center;margin:0 auto;\"><\/div><\/p>\n\n\n\n<p>Il bilancio \u00e8 di un ferito, un cittadino di nazionalit\u00e0 srilankese, che \u00e8 stato trasferito in pronto soccorso in codice rosso.<div id=\"videoincontent\" style=\"clear:both\";><\/div><\/p>\n\n\n\n<p>Sul posto la sezione Infortunistica della Municipale per i rilievi di legge e, dunque, per accertare le cause del sinistro. Eseguiti altres\u00ec test alcolemico e quello per la guida sotto stupefacenti.<\/p>\n","protected":false},"excerpt":{"rendered":"<p>Scontro frontale tra scooter nella riviera nord. Ieri pomeriggio, intorno alle 17 e 50, si \u00e8 verificato un incidente sulla SS 133dir, a Granatari. Il bilancio \u00e8 di un ferito, un cittadino di nazionalit\u00e0 srilankese, che \u00e8 stato trasferito in pronto soccorso in codice rosso. Sul posto la sezione Infortunistica della Municipale per i rilievi [&hellip;]<\/p>\n","protected":false},"author":8,"featured_media":69391,"comment_status":"open","ping_status":"open","sticky":false,"template":"","format":"standard","meta":{"ub_ctt_via":"","_mi_skip_tracking":false},"categories":[6],"tags":[2286,74],"featured_image_src":"https:\/\/www.messinaoggi.it\/website\/wp-content\/uploads\/2021\/06\/IMG-20210618-WA0007.jpg","author_info":{"display_name":"red..me","author_link":"https:\/\/www.messinaoggi.it\/website\/author\/redstage\/"},"digistream_id":0,"digistream":false,"_links":{"self":[{"href":"https:\/\/www.messinaoggi.it\/website\/wp-json\/wp\/v2\/posts\/69389"}],"collection":[{"href":"https:\/\/www.messinaoggi.it\/website\/wp-json\/wp\/v2\/posts"}],"about":[{"href":"https:\/\/www.messinaoggi.it\/website\/wp-json\/wp\/v2\/types\/post"}],"author":[{"embeddable":true,"href":"https:\/\/www.messinaoggi.it\/website\/wp-json\/wp\/v2\/users\/8"}],"replies":[{"embeddable":true,"href":"https:\/\/www.messinaoggi.it\/website\/wp-json\/wp\/v2\/comments?post=69389"}],"version-history":[{"count":1,"href":"https:\/\/www.messinaoggi.it\/website\/wp-json\/wp\/v2\/posts\/69389\/revisions"}],"predecessor-version":[{"id":69397,"href":"https:\/\/www.messinaoggi.it\/website\/wp-json\/wp\/v2\/posts\/69389\/revisions\/69397"}],"wp:featuredmedia":[{"embeddable":true,"href":"https:\/\/www.messinaoggi.it\/website\/wp-json\/wp\/v2\/media\/69391"}],"wp:attachment":[{"href":"https:\/\/www.messinaoggi.it\/website\/wp-json\/wp\/v2\/media?parent=69389"}],"wp:term":[{"taxonomy":"category","embeddable":true,"href":"https:\/\/www.messinaoggi.it\/website\/wp-json\/wp\/v2\/categories?post=69389"},{"taxonomy":"post_tag","embeddable":true,"href":"https:\/\/www.messinaoggi.it\/website\/wp-json\/wp\/v2\/tags?post=69389"}],"curies":[{"name":"wp","href":"https:\/\/api.w.org\/{rel}","templated":true}]}}