{"id":6935,"date":"2017-08-29T09:08:30","date_gmt":"2017-08-29T07:08:30","guid":{"rendered":"http:\/\/www.messinaoggi.it\/website\/?p=6935"},"modified":"2017-08-29T09:08:30","modified_gmt":"2017-08-29T07:08:30","slug":"regionali-salvini-su-musumeci-silvio-se-convinto-da-solo","status":"publish","type":"post","link":"https:\/\/www.messinaoggi.it\/website\/2017\/08\/29\/regionali-salvini-su-musumeci-silvio-se-convinto-da-solo\/","title":{"rendered":"Regionali, Salvini: &quot;Su Musumeci, Silvio s&#039;\u00e8 convinto da solo&quot;"},"content":{"rendered":"<p>Dopo settimane di trattative e tira e molla, alla fine l&#8217;ha spuntata Nello Musumeci. Ma Matteo Salvini, che l&#8217;ex presidente della provincia di Catania come candidato del centrodestra nell&#8217;isola lo aveva sostenuto fin dal primo momento, non si vuole appuntare medaglie sul petto.<br \/>\n&#8220;Con Nello &#8211; conferma in un&#8217;intervista a &#8216;Il Giorno&#8217; &#8211; ci siamo scritti ieri&#8221;. Con Silvio Berlusconi che avrebbe preferito la candidatura di Gaetano Armano (&#8220;far\u00e0 parte della squadra&#8221;, conferma del leader della Lega Nord), &#8220;non ci sono stati n\u00e9 passi indietro, n\u00e9 passi avanti. C&#8217;\u00e8 un candidato unitario che pu\u00f2 vincere. Non volevamo che si ripresentasse un altro caso Roma dove il centrodestra diviso ha regalato la vittoria ai grillini&#8221;. Come ha convinto Berlusconi? &#8220;Non c&#8217;\u00e8 stato bisogno di convincerlo. Musumeci \u00e8 il candidato migliore, anche perch\u00e9 \u00e8 il pi\u00f9 esperto. Io Silvio non l&#8217;ho neanche sentito<div id=\"div-gpt-ad-Messinaoggi.it-DSK-300x250-corpoart\" style=\"text-align:center;margin:0 auto;\"><\/div><\/p>\n<div id=\"videoincontent\" style=\"clear:both\";><\/div>","protected":false},"excerpt":{"rendered":"<p>Dopo settimane di trattative e tira e molla, alla fine l&#8217;ha spuntata Nello Musumeci. Ma Matteo Salvini, che l&#8217;ex presidente della provincia di Catania come candidato del centrodestra nell&#8217;isola lo aveva sostenuto fin dal primo momento, non si vuole appuntare medaglie sul petto. &#8220;Con Nello &#8211; conferma in un&#8217;intervista a &#8216;Il Giorno&#8217; &#8211; ci siamo [&hellip;]<\/p>\n","protected":false},"author":2,"featured_media":2269,"comment_status":"closed","ping_status":"open","sticky":false,"template":"","format":"standard","meta":{"ub_ctt_via":"","_mi_skip_tracking":false},"categories":[6],"tags":[],"featured_image_src":"https:\/\/www.messinaoggi.it\/website\/wp-content\/uploads\/2017\/06\/Salvini-Matteo-2.jpg","author_info":{"display_name":"Redazione","author_link":"https:\/\/www.messinaoggi.it\/website\/author\/redazione\/"},"digistream_id":0,"digistream":false,"_links":{"self":[{"href":"https:\/\/www.messinaoggi.it\/website\/wp-json\/wp\/v2\/posts\/6935"}],"collection":[{"href":"https:\/\/www.messinaoggi.it\/website\/wp-json\/wp\/v2\/posts"}],"about":[{"href":"https:\/\/www.messinaoggi.it\/website\/wp-json\/wp\/v2\/types\/post"}],"author":[{"embeddable":true,"href":"https:\/\/www.messinaoggi.it\/website\/wp-json\/wp\/v2\/users\/2"}],"replies":[{"embeddable":true,"href":"https:\/\/www.messinaoggi.it\/website\/wp-json\/wp\/v2\/comments?post=6935"}],"version-history":[{"count":0,"href":"https:\/\/www.messinaoggi.it\/website\/wp-json\/wp\/v2\/posts\/6935\/revisions"}],"wp:featuredmedia":[{"embeddable":true,"href":"https:\/\/www.messinaoggi.it\/website\/wp-json\/wp\/v2\/media\/2269"}],"wp:attachment":[{"href":"https:\/\/www.messinaoggi.it\/website\/wp-json\/wp\/v2\/media?parent=6935"}],"wp:term":[{"taxonomy":"category","embeddable":true,"href":"https:\/\/www.messinaoggi.it\/website\/wp-json\/wp\/v2\/categories?post=6935"},{"taxonomy":"post_tag","embeddable":true,"href":"https:\/\/www.messinaoggi.it\/website\/wp-json\/wp\/v2\/tags?post=6935"}],"curies":[{"name":"wp","href":"https:\/\/api.w.org\/{rel}","templated":true}]}}