{"id":693,"date":"2017-05-28T13:17:21","date_gmt":"2017-05-28T11:17:21","guid":{"rendered":"http:\/\/www.messinaoggi.it\/website\/?p=693"},"modified":"2017-05-28T13:17:21","modified_gmt":"2017-05-28T11:17:21","slug":"chiara-taigi-canta-per-monsignor-accolla","status":"publish","type":"post","link":"https:\/\/www.messinaoggi.it\/website\/2017\/05\/28\/chiara-taigi-canta-per-monsignor-accolla\/","title":{"rendered":"Chiara Taigi canta per Monsignor Accolla"},"content":{"rendered":"<p>Fervono i preparativi per accogliere al meglio il soprano Chiara Taigi che, dopo il grande successo del\u00a0concerto lirico &#8211; sinfonico\u00a0al\u00a0<strong>Teatro Metropolitan<\/strong>\u00a0di Catania, in occasione del\u00a0<em>Gran Gal\u00e0 di Natale<\/em>, e\u00a0del \u00a0concerto\u00a0presso la\u00a0<strong>Galleria Vittorio Emanuele III<\/strong>, ritorna nella sua amata Sicilia per celebrare l\u2019elezione del nuovo Arcivescovo\u00a0S. E.\u00a0<a href=\"http:\/\/rev.ma\/\">Rev.ma<\/a>\u00a0Mons Giovanni Accolla.<br \/>\n<img loading=\"lazy\" src=\"http:\/\/www.messinaoggi.eu\/uploads\/Maria%20Antonella%20Saia\/Spettacoli\/Il%20soprano%20Chiara%20Taigi.jpg\" alt=\"\" width=\"399\" height=\"600\" \/><br \/>\nIl concerto \u00a0di musica sacra, \u201c<strong><em>In Caritate et Veritate<\/em><\/strong>\u201d, \u00a0che avr\u00e0 luogo sabato 28 gennaio, alle 20:30, presso la Basilica Cattedrale, sar\u00e0 composto da un programma molto suggestivo. Al\u00a0 suo fianco ci saranno anche il mezzosoprano Emy Spadaro, la Cappella Musicale della Cattedrale di Messina, accompagnati dall\u2019organista Don Giovanni Lombardo e dagli allievi del Conservatorio \u201cA.Corelli\u201d. \u00a0L\u2019evento \u00e8 promosso e organizzato dal Comune di Messina.<br \/>\nL\u2019Assessore\u00a0<strong>Daniela Ursino<\/strong>, promotrice dell\u2019evento culturale, ha affermato: \u201c<em>Questo concerto rappresenta, ancora una volta, un&#8217;occasione di incontro nel segno dell\u2019amicizia e dell&#8217;amore. Chiara Taigi, ormai messinese di adozione e mia grande amica a cui sono molto grata, ritorna a Messina per festeggiare, insieme a tanti artisti messinesi, S. E. Rev.ma\u00a0Mons Giovanni Accolla. Il desiderio \u00e8 di donare al nostro Arcivescovo un sincero augurio di buon inizio mandato attraverso un momento di grande bellezza,\u00a0 un augurio particolare per far sentire la vicinanza di una citt\u00e0 che attendeva da tanto l&#8217;arrivo del nuovo arcivescovo.<\/em>\u201d<br \/>\n<img loading=\"lazy\" src=\"http:\/\/www.messinaoggi.eu\/uploads\/Maria%20Antonella%20Saia\/Spettacoli\/Il%20soprano%20Chiara%20Taigi%20alla%20Galleria%20Vittorio%20Emanuele%20III.jpg\" alt=\"\" width=\"400\" height=\"600\" \/><br \/>\nRiferendosi alla cerimonia \u00a0Chiara Taigi ha dichiarato: \u201c<em>Dalla Medea\u00a0al Massimo di Palermo\u00a0ad oggi, sono trascorsi 10 anni. Sono davvero tanti i ricordi legati a quest\u2019isola.\u00a0Un Jubileum di rispetto e devozione verso la Sicilia. Non bisogna abbandonarla mai! Quello del 28 gennaio sar\u00e0 un concerto interamente dedicato ad un grande sacerdote. Sar\u00e0 un cantar pregando. Nel giorno del ricordo dell\u2019eccidio ebraico c\u2019\u00e8 una valenza doppia. Sono romana e, quindi, cresciuta vicino al ghetto ed all&#8217;ombra del cupolone. Mi esibir\u00f2 nella piena spiritualit\u00e0 dell\u2019amore. Ricevere l&#8217;invito ad esibirmi in questa occasione fa riaffiorare in me la gratitudine nel ricordare quando padre Accolla metteva a disposizione la Chiesa dei Miracoli di Siracusa per permettermi di eclissarmi dal mondo.\u00a0\u00c8 un affetto che ha un solo nome: \u201cDEVOZIONE\u201d<\/em>.<em>\u00a0Nella mia amata Sicilia ritrovo la complicit\u00e0 degli amici devoti. Tra questi, l\u2019Assessore alla Cultura Daniela Ursino che ha permesso un team al femminile per la ripartenza di Messina.Una macchina che si muove col cuore.<\/em>\u201d<br \/>\nQueste sono le premesse per una serata che si annuncia densa di incredibili emozioni tutte da vivere pienamente.<div id=\"div-gpt-ad-Messinaoggi.it-DSK-300x250-corpoart\" style=\"text-align:center;margin:0 auto;\"><\/div><\/p>\n<div id=\"videoincontent\" style=\"clear:both\";><\/div>","protected":false},"excerpt":{"rendered":"<p>Fervono i preparativi per accogliere al meglio il soprano Chiara Taigi che, dopo il grande successo del\u00a0concerto lirico &#8211; sinfonico\u00a0al\u00a0Teatro Metropolitan\u00a0di Catania, in occasione del\u00a0Gran Gal\u00e0 di Natale, e\u00a0del \u00a0concerto\u00a0presso la\u00a0Galleria Vittorio Emanuele III, ritorna nella sua amata Sicilia per celebrare l\u2019elezione del nuovo Arcivescovo\u00a0S. E.\u00a0Rev.ma\u00a0Mons Giovanni Accolla. Il concerto \u00a0di musica sacra, \u201cIn Caritate [&hellip;]<\/p>\n","protected":false},"author":5,"featured_media":694,"comment_status":"closed","ping_status":"open","sticky":false,"template":"","format":"standard","meta":{"ub_ctt_via":"","_mi_skip_tracking":false},"categories":[17],"tags":[],"featured_image_src":"https:\/\/www.messinaoggi.it\/website\/wp-content\/uploads\/2017\/05\/Chiara-Taigi-Tosca-2.jpg","author_info":{"display_name":"Maria Antonella Saia","author_link":"https:\/\/www.messinaoggi.it\/website\/author\/m-saia\/"},"digistream_id":0,"digistream":false,"_links":{"self":[{"href":"https:\/\/www.messinaoggi.it\/website\/wp-json\/wp\/v2\/posts\/693"}],"collection":[{"href":"https:\/\/www.messinaoggi.it\/website\/wp-json\/wp\/v2\/posts"}],"about":[{"href":"https:\/\/www.messinaoggi.it\/website\/wp-json\/wp\/v2\/types\/post"}],"author":[{"embeddable":true,"href":"https:\/\/www.messinaoggi.it\/website\/wp-json\/wp\/v2\/users\/5"}],"replies":[{"embeddable":true,"href":"https:\/\/www.messinaoggi.it\/website\/wp-json\/wp\/v2\/comments?post=693"}],"version-history":[{"count":0,"href":"https:\/\/www.messinaoggi.it\/website\/wp-json\/wp\/v2\/posts\/693\/revisions"}],"wp:featuredmedia":[{"embeddable":true,"href":"https:\/\/www.messinaoggi.it\/website\/wp-json\/wp\/v2\/media\/694"}],"wp:attachment":[{"href":"https:\/\/www.messinaoggi.it\/website\/wp-json\/wp\/v2\/media?parent=693"}],"wp:term":[{"taxonomy":"category","embeddable":true,"href":"https:\/\/www.messinaoggi.it\/website\/wp-json\/wp\/v2\/categories?post=693"},{"taxonomy":"post_tag","embeddable":true,"href":"https:\/\/www.messinaoggi.it\/website\/wp-json\/wp\/v2\/tags?post=693"}],"curies":[{"name":"wp","href":"https:\/\/api.w.org\/{rel}","templated":true}]}}