{"id":6923,"date":"2017-08-28T21:37:07","date_gmt":"2017-08-28T19:37:07","guid":{"rendered":"http:\/\/www.messinaoggi.it\/website\/?p=6923"},"modified":"2017-08-28T21:37:07","modified_gmt":"2017-08-28T19:37:07","slug":"pistunina-e-fatta-con-lattaccante-riccardo-ancione","status":"publish","type":"post","link":"https:\/\/www.messinaoggi.it\/website\/2017\/08\/28\/pistunina-e-fatta-con-lattaccante-riccardo-ancione\/","title":{"rendered":"Pistunina, \u00e8 fatta con l&#039;attaccante Riccardo Ancione"},"content":{"rendered":"<p style=\"text-align: justify\">Il Pistunina avr\u00e0 una &#8220;freccia&#8221; in pi\u00f9 nel retour match casalingo di Coppa Italia contro il Camaro, vincitore del &#8220;primo round&#8221; a Bisconte per 4 reti a tre. E&#8217; arrivata nel pomeriggio di oggi, in occasione della ripresa degli allenamenti al &#8220;Messina Sud&#8221;, con il\u00a0direttore sportivo Raimondo\u00a0Mortelliti a fare da &#8220;intermediario&#8221;, la fatidica stretta di mano tra il presidente rossonero Salvatore Velardo e l&#8217;attaccante Riccardo Ancione, trentadue anni compiuti lo scorso 24 luglio.<div id=\"div-gpt-ad-Messinaoggi.it-DSK-300x250-corpoart\" style=\"text-align:center;margin:0 auto;\"><\/div><\/p>\n<p style=\"text-align: justify\">Per la verit\u00e0, sempre al campo di S.Margherita, lo scorso 9 agosto il neo rossonero si era gi\u00e0 incontrato una prima volta con i medesimi interlocutori odierni che gli avevano prospettato anche qualche possibilit\u00e0 lavorativa. Poi le parti sembravano essersi definitivamente allontanate, stando anche a una frase eloquente pronunciata dal &#8220;diesse&#8221; Mortelliti durante la presentazione della squadra avvenuta giorno 17 all&#8217;Hotel Europa.<div id=\"videoincontent\" style=\"clear:both\";><\/div><\/p>\n<p style=\"text-align: justify\">Negli ultimi giorni, invece, riecco invece il ritorno di fiamma. In carriera sono poco meno 100 le reti realizzate da Ancione, quasi tutte in Eccellenza, durante una carriera snodatasi anche tra Campania, Puglia, Calabria e Marche toccando anche Serie C-2 e D dopo gli inizi nelle giovanili del Messina (2003\/04). Il suo miglior bottino realizzativo risale al 2006\/07, a Gallico, con 15 reti in 24 partite.<\/p>\n<p style=\"text-align: justify\">La carriera di Riccardo Ancione<\/p>\n<p style=\"text-align: justify\">nato a Messina il 24\/71985<\/p>\n<p style=\"text-align: justify\">altezza 177 cm<\/p>\n<p style=\"text-align: justify\">peso 70 Kg<\/p>\n<p style=\"text-align: justify\"><strong>\u00a0<\/strong><\/p>\n<table>\n<tbody>\n<tr style=\"text-align: justify\">\n<td width=\"130\"><strong>Stagione<\/strong><\/td>\n<td width=\"130\"><strong>Squadra<\/strong><\/td>\n<td width=\"130\"><strong>Categoria<\/strong><\/td>\n<td width=\"130\"><strong>Presenze<\/strong><\/td>\n<td width=\"81\"><strong>Reti<\/strong><\/td>\n<\/tr>\n<tr style=\"text-align: justify\">\n<td width=\"130\">2003-2004<\/td>\n<td width=\"130\">Messina<\/td>\n<td width=\"130\">Primavera<\/td>\n<td width=\"130\"><\/td>\n<td width=\"81\"><\/td>\n<\/tr>\n<tr style=\"text-align: justify\">\n<td width=\"130\">2004-2005<\/td>\n<td width=\"130\">Angri<\/td>\n<td width=\"130\">D<\/td>\n<td width=\"130\">2<\/td>\n<td width=\"81\"><\/td>\n<\/tr>\n<tr style=\"text-align: justify\">\n<td width=\"130\">Gennaio 2005<\/td>\n<td width=\"130\">Igea Virtus<\/td>\n<td width=\"130\">C2<\/td>\n<td width=\"130\">7<\/td>\n<td width=\"81\"><\/td>\n<\/tr>\n<tr style=\"text-align: justify\">\n<td width=\"130\">2005-2006<\/td>\n<td width=\"130\">Fasano<\/td>\n<td width=\"130\">Eccellenza<\/td>\n<td width=\"130\">18<\/td>\n<td width=\"81\">8<\/td>\n<\/tr>\n<tr style=\"text-align: justify\">\n<td width=\"130\">2006-2007<\/td>\n<td width=\"130\">Gallico<\/td>\n<td width=\"130\">Eccellenza<\/td>\n<td width=\"130\">24<\/td>\n<td width=\"81\">15<\/td>\n<\/tr>\n<tr style=\"text-align: justify\">\n<td width=\"130\">2007-2008<\/td>\n<td width=\"130\">Bagaladi<\/td>\n<td width=\"130\">Eccellenza<\/td>\n<td width=\"130\">12<\/td>\n<td width=\"81\">5<\/td>\n<\/tr>\n<tr style=\"text-align: justify\">\n<td width=\"130\">2008-2009<\/td>\n<td width=\"130\">Gallico<\/td>\n<td width=\"130\">Eccellenza<\/td>\n<td width=\"130\">13<\/td>\n<td width=\"81\">5<\/td>\n<\/tr>\n<tr style=\"text-align: justify\">\n<td width=\"130\">2009-2010<\/td>\n<td width=\"130\">Orlandina<\/td>\n<td width=\"130\">Eccellenza<\/td>\n<td width=\"130\">19<\/td>\n<td width=\"81\">8<\/td>\n<\/tr>\n<tr style=\"text-align: justify\">\n<td width=\"130\">2010-2011<\/td>\n<td width=\"130\">Orlandina<\/td>\n<td width=\"130\">Eccellenza<\/td>\n<td width=\"130\">22<\/td>\n<td width=\"81\">9<\/td>\n<\/tr>\n<tr style=\"text-align: justify\">\n<td width=\"130\">2011-2012<\/td>\n<td width=\"130\">Orlandina<\/td>\n<td width=\"130\">Eccellenza<\/td>\n<td width=\"130\">14<\/td>\n<td width=\"81\">9<\/td>\n<\/tr>\n<tr style=\"text-align: justify\">\n<td width=\"130\">2012-2013<\/td>\n<td width=\"130\">Due Torri<\/td>\n<td width=\"130\">Eccellenza<\/td>\n<td width=\"130\">24<\/td>\n<td width=\"81\">10<\/td>\n<\/tr>\n<tr style=\"text-align: justify\">\n<td width=\"130\">2013-2014<\/td>\n<td width=\"130\">Due Torri<\/td>\n<td width=\"130\">Serie D<\/td>\n<td width=\"130\">25<\/td>\n<td width=\"81\">10<\/td>\n<\/tr>\n<tr style=\"text-align: justify\">\n<td width=\"130\">2014-2015<\/td>\n<td width=\"130\">Corridonia<\/td>\n<td width=\"130\">Eccellenza<\/td>\n<td width=\"130\"><\/td>\n<td width=\"81\"><\/td>\n<\/tr>\n<tr style=\"text-align: justify\">\n<td width=\"130\">Settembre 2014<\/td>\n<td width=\"130\">Castelbuonese<\/td>\n<td width=\"130\">Eccellenza<\/td>\n<td width=\"130\">2<\/td>\n<td width=\"81\"><\/td>\n<\/tr>\n<tr style=\"text-align: justify\">\n<td width=\"130\">2015-2016<\/td>\n<td width=\"130\">Sporting Taormina<\/td>\n<td width=\"130\">Eccellenza<\/td>\n<td width=\"130\">24<\/td>\n<td width=\"81\">8<\/td>\n<\/tr>\n<tr>\n<td style=\"text-align: justify\" width=\"130\">2016-2017<\/td>\n<td style=\"text-align: justify\" width=\"130\">Milazzo<\/td>\n<td style=\"text-align: justify\" width=\"130\">Eccellenza<\/td>\n<td style=\"text-align: justify\" width=\"130\">28<\/td>\n<td width=\"81\">\n<p style=\"text-align: justify\">6<\/p>\n<\/td>\n<\/tr>\n<\/tbody>\n<\/table>\n<p> <\/p>\n","protected":false},"excerpt":{"rendered":"<p>Il Pistunina avr\u00e0 una &#8220;freccia&#8221; in pi\u00f9 nel retour match casalingo di Coppa Italia contro il Camaro, vincitore del &#8220;primo round&#8221; a Bisconte per 4 reti a tre. E&#8217; arrivata nel pomeriggio di oggi, in occasione della ripresa degli allenamenti al &#8220;Messina Sud&#8221;, con il\u00a0direttore sportivo Raimondo\u00a0Mortelliti a fare da &#8220;intermediario&#8221;, la fatidica stretta di [&hellip;]<\/p>\n","protected":false},"author":9,"featured_media":6925,"comment_status":"closed","ping_status":"open","sticky":false,"template":"","format":"standard","meta":{"ub_ctt_via":"","_mi_skip_tracking":false},"categories":[10,9],"tags":[],"featured_image_src":"https:\/\/www.messinaoggi.it\/website\/wp-content\/uploads\/2017\/08\/ancione-velardo-2.jpg","author_info":{"display_name":"Roberto Santoro","author_link":"https:\/\/www.messinaoggi.it\/website\/author\/r-santoro\/"},"digistream_id":0,"digistream":false,"_links":{"self":[{"href":"https:\/\/www.messinaoggi.it\/website\/wp-json\/wp\/v2\/posts\/6923"}],"collection":[{"href":"https:\/\/www.messinaoggi.it\/website\/wp-json\/wp\/v2\/posts"}],"about":[{"href":"https:\/\/www.messinaoggi.it\/website\/wp-json\/wp\/v2\/types\/post"}],"author":[{"embeddable":true,"href":"https:\/\/www.messinaoggi.it\/website\/wp-json\/wp\/v2\/users\/9"}],"replies":[{"embeddable":true,"href":"https:\/\/www.messinaoggi.it\/website\/wp-json\/wp\/v2\/comments?post=6923"}],"version-history":[{"count":0,"href":"https:\/\/www.messinaoggi.it\/website\/wp-json\/wp\/v2\/posts\/6923\/revisions"}],"wp:featuredmedia":[{"embeddable":true,"href":"https:\/\/www.messinaoggi.it\/website\/wp-json\/wp\/v2\/media\/6925"}],"wp:attachment":[{"href":"https:\/\/www.messinaoggi.it\/website\/wp-json\/wp\/v2\/media?parent=6923"}],"wp:term":[{"taxonomy":"category","embeddable":true,"href":"https:\/\/www.messinaoggi.it\/website\/wp-json\/wp\/v2\/categories?post=6923"},{"taxonomy":"post_tag","embeddable":true,"href":"https:\/\/www.messinaoggi.it\/website\/wp-json\/wp\/v2\/tags?post=6923"}],"curies":[{"name":"wp","href":"https:\/\/api.w.org\/{rel}","templated":true}]}}