{"id":69169,"date":"2021-06-16T15:51:17","date_gmt":"2021-06-16T13:51:17","guid":{"rendered":"http:\/\/www.messinaoggi.it\/website\/?p=69169"},"modified":"2021-06-16T20:13:05","modified_gmt":"2021-06-16T18:13:05","slug":"auto-precipita-dal-viadottoun-morto-sulla20","status":"publish","type":"post","link":"https:\/\/www.messinaoggi.it\/website\/2021\/06\/16\/auto-precipita-dal-viadottoun-morto-sulla20\/","title":{"rendered":"Auto vola dal viadotto,un morto ed un ferito grave sull&#8217;A20"},"content":{"rendered":"\n<p>I Vigili del fuoco del Comando provinciale di Messina sono intervenuti oggi alle 14 per un grave incidente stradale. Un&#8217;auto con carrello trasportante un mezzo nautico, in transito verso Messina, \u00e8 uscita fuori dalla carreggiata precipitando dal viadotto all&#8217;altezza di Pace del Mela.<div id=\"div-gpt-ad-Messinaoggi.it-DSK-300x250-corpoart\" style=\"text-align:center;margin:0 auto;\"><\/div><\/p>\n\n\n\n<p>A perdere la vita \u00e8 stato un 36enne di Catania; l&#8217;altro occupante \u00e8 stato estratto vivo dalle lamiere ed affidato alle cure del personale medico del 118 dove gli \u00e8 stato riscontrato un trauma cranico.<div id=\"videoincontent\" style=\"clear:both\";><\/div><\/p>\n\n\n\n<p>Le cause dell&#8217;incidente sono in fase di accertamento. Indaga la Polstrada. <\/p>\n","protected":false},"excerpt":{"rendered":"<p>I Vigili del fuoco del Comando provinciale di Messina sono intervenuti oggi alle 14 per un grave incidente stradale. Un&#8217;auto con carrello trasportante un mezzo nautico, in transito verso Messina, \u00e8 uscita fuori dalla carreggiata precipitando dal viadotto all&#8217;altezza di Pace del Mela. A perdere la vita \u00e8 stato un 36enne di Catania; l&#8217;altro occupante [&hellip;]<\/p>\n","protected":false},"author":4,"featured_media":69178,"comment_status":"open","ping_status":"open","sticky":false,"template":"","format":"standard","meta":{"ub_ctt_via":"","_mi_skip_tracking":false},"categories":[19],"tags":[716],"featured_image_src":"https:\/\/www.messinaoggi.it\/website\/wp-content\/uploads\/2021\/06\/IMG-20210616-WA0020.jpg","author_info":{"display_name":"redme","author_link":"https:\/\/www.messinaoggi.it\/website\/author\/redme\/"},"digistream_id":0,"digistream":false,"_links":{"self":[{"href":"https:\/\/www.messinaoggi.it\/website\/wp-json\/wp\/v2\/posts\/69169"}],"collection":[{"href":"https:\/\/www.messinaoggi.it\/website\/wp-json\/wp\/v2\/posts"}],"about":[{"href":"https:\/\/www.messinaoggi.it\/website\/wp-json\/wp\/v2\/types\/post"}],"author":[{"embeddable":true,"href":"https:\/\/www.messinaoggi.it\/website\/wp-json\/wp\/v2\/users\/4"}],"replies":[{"embeddable":true,"href":"https:\/\/www.messinaoggi.it\/website\/wp-json\/wp\/v2\/comments?post=69169"}],"version-history":[{"count":4,"href":"https:\/\/www.messinaoggi.it\/website\/wp-json\/wp\/v2\/posts\/69169\/revisions"}],"predecessor-version":[{"id":69228,"href":"https:\/\/www.messinaoggi.it\/website\/wp-json\/wp\/v2\/posts\/69169\/revisions\/69228"}],"wp:featuredmedia":[{"embeddable":true,"href":"https:\/\/www.messinaoggi.it\/website\/wp-json\/wp\/v2\/media\/69178"}],"wp:attachment":[{"href":"https:\/\/www.messinaoggi.it\/website\/wp-json\/wp\/v2\/media?parent=69169"}],"wp:term":[{"taxonomy":"category","embeddable":true,"href":"https:\/\/www.messinaoggi.it\/website\/wp-json\/wp\/v2\/categories?post=69169"},{"taxonomy":"post_tag","embeddable":true,"href":"https:\/\/www.messinaoggi.it\/website\/wp-json\/wp\/v2\/tags?post=69169"}],"curies":[{"name":"wp","href":"https:\/\/api.w.org\/{rel}","templated":true}]}}