{"id":69121,"date":"2021-06-16T10:30:02","date_gmt":"2021-06-16T08:30:02","guid":{"rendered":"http:\/\/www.messinaoggi.it\/website\/?p=69121"},"modified":"2021-06-16T10:30:05","modified_gmt":"2021-06-16T08:30:05","slug":"s-vincenzo-uil-fpl-gravi-carenze-a-cardiologia","status":"publish","type":"post","link":"https:\/\/www.messinaoggi.it\/website\/2021\/06\/16\/s-vincenzo-uil-fpl-gravi-carenze-a-cardiologia\/","title":{"rendered":"S. Vincenzo, Uil-Fpl: &#8220;Gravi carenze a Cardiologia&#8221;"},"content":{"rendered":"\n<p>\u201cDopo attenta analisi effettuata attraverso una riunione con numerosi lavoratori della U.O.C di Cardiologia, sono emerse evidenti criticit\u00e0 che mettono a repentaglio non solo la salute degli utenti ma anche e soprattutto l\u2019integrit\u00e0 psico-fisica dei lavoratori, con potenziali eventi avversi che potrebbero far scaturire problemi medico-legali\u201d.<div id=\"div-gpt-ad-Messinaoggi.it-DSK-300x250-corpoart\" style=\"text-align:center;margin:0 auto;\"><\/div><\/p>\n\n\n\n<p>Lo scrivono in una noTa inviata all\u2019asseSsore regionale alla Salute, al direttore generale facente funzione dell\u2019Asp, al direttore sanitario dell\u2019ospedale di Taormina, ai vertici dell\u2019Unit\u00e0 operativa complessa professioni sanitarie dell\u2019Asp, e al direttore di Cardiologia del San Vincenzo, <strong>Pippo Calapai<\/strong>, <strong>Corrado Lamanna<\/strong> e <strong>Giovanni Caminiti<\/strong>, rispettivamente segretario generale, responsabile provinciale area medica e responsabile provinciale area infermieristica della Uil-Fpl.<div id=\"videoincontent\" style=\"clear:both\";><\/div><\/p>\n\n\n\n<p>Di seguito il testo integrale della nota della Uil-Fpl.<\/p>\n\n\n\n<p>\u201cIn riferimento alle gi\u00e0 citate note fatte dalla scrivente O.S. si fa presente che tale U.O.C \u00e8 modulata con dotazione organica pubblicata con Del. N\u00b0 9014 del 13\/08\/17 cosi come si evince: U.O.C di cardiologia, U.O.S.D di emodinamica e U.O.S UTIC, con indicazione di centro di riferimento Regionale HUB. In riferimento alla sovra citata dotazione organica, sono stati individuati 14+2 posti letto alla Cardiologia, 8 postazioni monitorizzate in UTIC, 2 sale operatorie in Emodinamica, assegnando altres\u00ec il seguente personale: 1 dirigente M2, 14 M1, 1 CS, 30 Inf, 3 aus, 5 Oss. Si precisa nel contempo che la UIL FPL, in riferimento alla suddetta dotazione organica, ha espresso a suo tempo, parere contrario, proprio perch\u00e8 ne rilevava forti criticit\u00e0. Quale centro HUB per l\u2019interventistica coronarica, numerosi sono i servizi che vengono offerti all\u2019utenza, alcuni dei quali se pur di grande prestigio e di grande utilit\u00e0 per l\u2019utenza, non rientrano nella programmazione sanitaria aziendale, vedi per esempio la Elettrofisiologia. Inoltre si rende noto che i posti letto dell\u2019UTIC utilizzati sono al di sopra di quelli autorizzati, vedi nota interna al presidio a firma del Direttore Sanitario di Presidio Protempore, nota prot. n\u00b0 2369 del 16\/feb\/2018 (6 posti letto a fronte di 8pl). Tutto ci\u00f2 comporta uno scompenso tra il volume dei ricoveri e il numero del personale d comparto, minando la garanzia della qualit\u00e0 sulle prestazioni assistenziali financo i livelli essenziali di assistenza. La responsabilit\u00e0 della organizzazione appartiene interamente al Direttore della Struttura Complessa che molto probabilmente non ha capito l\u2019importanza del rapporto fra i livelli essenziali di assistenza e il fabbisogno del personale assegnato alla propria U.O.C. Vorremmo riportare una breve relazione prospettica sui dati registrati sul sito PNE (piano nazionale esiti), al fine di far capire quale condizione lavorativa deve affrontare giornalmente il personale sanitario. I dati si riferiscono all\u2019anno 2019 e comprendono prestazione verso l\u2019IMA , NSTEM, PTCA, SCOMPENSO CARDIACO che ammontano a 1.157 prestazioni, mentre gli Interventi di elettrofisiologia a circa 600 . Dati molti rilevanti riguardanti anche gli accessi ambulatoriali sia per gli utenti interni che esterni. Da un calcolo statistico per volume di ricoveri si pu\u00f2 ricavare la media giacenza dei ricoveri che sar\u00e0 cosi distribuita: per la UTIC una media di 9.9 Pazienti al giorno, per quelli in Cardiologia di 14,5 pazienti al giorno. Vi sono poi una serie di criticit\u00e0 in relazione al modulo organizzativo in quanto se dal numero del personale predisposto ( indebitamente ) prevedessimo le assenze a vario titolo che inevitabilmente in un contesto organizzativo si possono riscontrare e che nella fattispecie della predetta U.O.C non sono stati previsti, ci possiamo rendere subito conto che mancherebbero in forza al modello organizzativo circa 4 Medici 15 inf 2 Oss 1 Aus al mese. Tutto ci\u00f2 comporta una incongruenza tra i carichi di lavoro e il numero attuale del personale Medico\/Infermieristico e ausiliario. Tale modello organizzativo ha inevitabilmente delle sfavorevoli ripercussioni sul personale sanitario nel normale espletamento dell\u2019attivit\u00e0 lavorativa financo protrarre la loro presenza in ospedale al di l\u00e0 del turno di lavoro delle 8-14 loro assegnato, con ripercussioni a lungo andare non solo sul monte orario ma anche sulla salute per Personale. Gli infermieri in UTIC gi\u00e0 sotto dimensionati e demansionati sono costretti ad assistere un numero fuori range di pazienti( 8\/9 pz ) . Conseguentemente tale situazione determina la impossibilit\u00e0 di monitorare i pazienti fuori postazioni. In reparto, invece, 12 pazienti cardiologici, ricoverati nella stessa stanza senza distinzione di sesso, l\u2019assistenza Infermieristica viene svolta talune volte con una sola Unit\u00e0. Si fa presente inoltre che la suddetta U.O.C deve dunque gestire: la emodinamica h 24, solitamente con 7 inf. dedicati e preventivamente formati, su due sala operatorie; attivit\u00e0 di ambulatori 5giorni di mattina e 2 mattino\/pomeriggio con 3 Infermieri UTIC e Cardiologia 20 Infermieri. Si fa presto a capire che il numero dei 30 infermieri a fronte dei carichi di lavoro sopra brevemente descritti risultano essere praticamente insufficienti. A tutto ci\u00f2 aggiungiamo che talune volte la U.O.C \u00e8 carente di alcuni presidi Medici e quindi il quadro si complica in quanto il personale infermieristico \u00e8 costretto a risolvere la problematica rivolgendosi ad altri reparti per far fronte alle necessit\u00e0 emergenziali del caso. La Uil-Fpl, inoltre rende noto alla S.S.LL., di essere venuta a conoscenza che il Coordinatore Infermieristico ha gi\u00e0 rilevato per iscritto la problematica, inviandola contestualmente al Direttore della suddetta U.O.C. Siamo solidali con quanto espresso dal responsabile infermieristico perch\u00e9 tale criticit\u00e0 mette in serio pericolo la sicurezza del paziente, e a rischio la incolumit\u00e0 degli operatori sia sotto l\u2019aspetto di infortuni che contenziosi medico\/legali, conseguenza di eventi avversi \u201cprevenibili\u201d. Abbiamo anche assistito a rapporti interpersonali tra alcuni medici verso il personale Infermieristico e ausiliario che invece di avere un atteggiamento di collaborazione, e di valorizzazione, stante le gravi problematiche e per come questi ultimi sono costretti a lavorare, purtroppo sottendono a screditare. La UIL FPL chiede urgentemente una rapida soluzione delle problematiche su esposte attraverso soprattutto l\u2019aumento congruo del personale Medico, Infermieristico e Ausiliario, o in subordine alla diminuzione dei posti letto sia dell\u2019UTIC (da 8 posti letto a 4PL) sia di Cardiologia ( da 14 PL a 8 PL ).<\/p>\n","protected":false},"excerpt":{"rendered":"<p>\u201cDopo attenta analisi effettuata attraverso una riunione con numerosi lavoratori della U.O.C di Cardiologia, sono emerse evidenti criticit\u00e0 che mettono a repentaglio non solo la salute degli utenti ma anche e soprattutto l\u2019integrit\u00e0 psico-fisica dei lavoratori, con potenziali eventi avversi che potrebbero far scaturire problemi medico-legali\u201d. Lo scrivono in una noTa inviata all\u2019asseSsore regionale alla [&hellip;]<\/p>\n","protected":false},"author":2,"featured_media":2273,"comment_status":"open","ping_status":"open","sticky":false,"template":"","format":"standard","meta":{"ub_ctt_via":"","_mi_skip_tracking":false},"categories":[3],"tags":[2113,937],"featured_image_src":"https:\/\/www.messinaoggi.it\/website\/wp-content\/uploads\/2017\/06\/Sirina-Ospedale-2.jpg","author_info":{"display_name":"Redazione","author_link":"https:\/\/www.messinaoggi.it\/website\/author\/redazione\/"},"digistream_id":0,"digistream":false,"_links":{"self":[{"href":"https:\/\/www.messinaoggi.it\/website\/wp-json\/wp\/v2\/posts\/69121"}],"collection":[{"href":"https:\/\/www.messinaoggi.it\/website\/wp-json\/wp\/v2\/posts"}],"about":[{"href":"https:\/\/www.messinaoggi.it\/website\/wp-json\/wp\/v2\/types\/post"}],"author":[{"embeddable":true,"href":"https:\/\/www.messinaoggi.it\/website\/wp-json\/wp\/v2\/users\/2"}],"replies":[{"embeddable":true,"href":"https:\/\/www.messinaoggi.it\/website\/wp-json\/wp\/v2\/comments?post=69121"}],"version-history":[{"count":1,"href":"https:\/\/www.messinaoggi.it\/website\/wp-json\/wp\/v2\/posts\/69121\/revisions"}],"predecessor-version":[{"id":69122,"href":"https:\/\/www.messinaoggi.it\/website\/wp-json\/wp\/v2\/posts\/69121\/revisions\/69122"}],"wp:featuredmedia":[{"embeddable":true,"href":"https:\/\/www.messinaoggi.it\/website\/wp-json\/wp\/v2\/media\/2273"}],"wp:attachment":[{"href":"https:\/\/www.messinaoggi.it\/website\/wp-json\/wp\/v2\/media?parent=69121"}],"wp:term":[{"taxonomy":"category","embeddable":true,"href":"https:\/\/www.messinaoggi.it\/website\/wp-json\/wp\/v2\/categories?post=69121"},{"taxonomy":"post_tag","embeddable":true,"href":"https:\/\/www.messinaoggi.it\/website\/wp-json\/wp\/v2\/tags?post=69121"}],"curies":[{"name":"wp","href":"https:\/\/api.w.org\/{rel}","templated":true}]}}