{"id":6907,"date":"2017-08-28T16:19:08","date_gmt":"2017-08-28T14:19:08","guid":{"rendered":"http:\/\/www.messinaoggi.it\/website\/?p=6907"},"modified":"2017-08-28T16:19:08","modified_gmt":"2017-08-28T14:19:08","slug":"anno-scolastico-20172018-da-domani-azioni-igienico-sanitarie-nei-plessi","status":"publish","type":"post","link":"https:\/\/www.messinaoggi.it\/website\/2017\/08\/28\/anno-scolastico-20172018-da-domani-azioni-igienico-sanitarie-nei-plessi\/","title":{"rendered":"Anno scolastico 2017\/2018, da domani azioni igienico-sanitarie nei plessi"},"content":{"rendered":"<p style=\"text-align: justify\">Disinfestazione e derattizzazione a tutto spiano negli istituti scolastici di competenza comunale a partire da\u00a0domani, marted\u00ec 29 agosto. Gli interventi saranno avviati secondo una programmazione predisposta dal dipartimento Ambiente e Sanit\u00e0 che si concluder\u00e0 il prossimo 7 settembre.<div id=\"div-gpt-ad-Messinaoggi.it-DSK-300x250-corpoart\" style=\"text-align:center;margin:0 auto;\"><\/div><\/p>\n<p style=\"text-align: justify\">Il calendario prevede ulteriori interventi da effettuarsi in occasione delle festivit\u00e0 natalizie ed in primavera, oltre a quelli da espletare durante le tornate elettorali.<div id=\"videoincontent\" style=\"clear:both\";><\/div><\/p>\n<p style=\"text-align: justify\">L\u2019<strong>assessore all\u2019Ambiente ed ai Nuovi Stili di Vita, Daniele Ialacqua, ha poi inviato una nota al dipartimento Cimiteri e Verde Urbano, per sollecitare gli interventi di scerbatura nei cortili scolastici e a Messinambiente per quelli straordinari di scerbatura, spazzamento e rimozione eventuale di rifiuti e suppellettili nelle aree limitrofe alle scuole.<\/strong><\/p>\n","protected":false},"excerpt":{"rendered":"<p>Disinfestazione e derattizzazione a tutto spiano negli istituti scolastici di competenza comunale a partire da\u00a0domani, marted\u00ec 29 agosto. Gli interventi saranno avviati secondo una programmazione predisposta dal dipartimento Ambiente e Sanit\u00e0 che si concluder\u00e0 il prossimo 7 settembre. Il calendario prevede ulteriori interventi da effettuarsi in occasione delle festivit\u00e0 natalizie ed in primavera, oltre a [&hellip;]<\/p>\n","protected":false},"author":7,"featured_media":2751,"comment_status":"closed","ping_status":"open","sticky":false,"template":"","format":"standard","meta":{"ub_ctt_via":"","_mi_skip_tracking":false},"categories":[5],"tags":[],"featured_image_src":"https:\/\/www.messinaoggi.it\/website\/wp-content\/uploads\/2017\/06\/scuola-principe-di-piemonte-2.jpg","author_info":{"display_name":"Redazione1","author_link":"https:\/\/www.messinaoggi.it\/website\/author\/redazione1\/"},"digistream_id":0,"digistream":false,"_links":{"self":[{"href":"https:\/\/www.messinaoggi.it\/website\/wp-json\/wp\/v2\/posts\/6907"}],"collection":[{"href":"https:\/\/www.messinaoggi.it\/website\/wp-json\/wp\/v2\/posts"}],"about":[{"href":"https:\/\/www.messinaoggi.it\/website\/wp-json\/wp\/v2\/types\/post"}],"author":[{"embeddable":true,"href":"https:\/\/www.messinaoggi.it\/website\/wp-json\/wp\/v2\/users\/7"}],"replies":[{"embeddable":true,"href":"https:\/\/www.messinaoggi.it\/website\/wp-json\/wp\/v2\/comments?post=6907"}],"version-history":[{"count":0,"href":"https:\/\/www.messinaoggi.it\/website\/wp-json\/wp\/v2\/posts\/6907\/revisions"}],"wp:featuredmedia":[{"embeddable":true,"href":"https:\/\/www.messinaoggi.it\/website\/wp-json\/wp\/v2\/media\/2751"}],"wp:attachment":[{"href":"https:\/\/www.messinaoggi.it\/website\/wp-json\/wp\/v2\/media?parent=6907"}],"wp:term":[{"taxonomy":"category","embeddable":true,"href":"https:\/\/www.messinaoggi.it\/website\/wp-json\/wp\/v2\/categories?post=6907"},{"taxonomy":"post_tag","embeddable":true,"href":"https:\/\/www.messinaoggi.it\/website\/wp-json\/wp\/v2\/tags?post=6907"}],"curies":[{"name":"wp","href":"https:\/\/api.w.org\/{rel}","templated":true}]}}