{"id":69041,"date":"2021-06-15T17:07:41","date_gmt":"2021-06-15T15:07:41","guid":{"rendered":"https:\/\/www.messinaoggi.it\/website\/2021\/06\/15\/reja-punta-sullitalia-gran-gruppo-mancini-persona-giusta\/"},"modified":"2021-06-15T17:32:23","modified_gmt":"2021-06-15T15:32:23","slug":"reja-punta-sullitalia-gran-gruppo-mancini-persona-giusta","status":"publish","type":"post","link":"https:\/\/www.messinaoggi.it\/website\/2021\/06\/15\/reja-punta-sullitalia-gran-gruppo-mancini-persona-giusta\/","title":{"rendered":"Reja punta sull\u2019Italia \u201cGran gruppo, Mancini persona giusta\u201d"},"content":{"rendered":"<div>ROMA (ITALPRESS) &#8211; &#8220;Ci sono state buone prestazioni, in modo particolare l&#8217;Italia \u00e8 la squadra che ha fatto vedere il miglior calcio: auguriamoci che possa continuare su questa strada&#8221;. A Edy Reja, ct dell&#8217;Albania, il debutto degli azzurri a Euro2020 con la Turchia \u00e8 piaciuto, tanto da prevedere un gran cammino di Chiellini e compagni nella rassegna continentale. &#8220;Considero Inghilterra, Italia e Francia le favorite &#8211; ha sottolineato il 75enne allenatore goriziano, ex mister di Napoli, Lazio e Atalanta, in occasione della terza puntata della rubrica Italpress &#8216;Primo Piano speciale Euro2020&#8242; condotta da Claudio Brachino &#8211; Speriamo di poter arrivare sino in fondo: per quanto fatto vedere il gruppo funziona e Mancini \u00e8 la persona giusta. E&#8217; straordinario ed \u00e8 riuscito a creare un&#8217;armonia all&#8217;interno della squadra che non vedevamo da tempo. E&#8217; un gioco piacevole, veloce nell&#8217;esecuzione e in verticale: \u00e8 una squadra che piace, personalmente mi d\u00e0 soddisfazione&#8221;. Domani, contro la Svizzera, Mancini ha un solo dubbio. Per sostituire Florenzi sull&#8217;out destro della difesa, sono in ballottaggio Toloi e Di Lorenzo: &#8220;Toloi \u00e8 stato un mio giocatore all&#8217;Atalanta, l&#8217;ho preso io e conosco il suo valore, ma credo che Mancini sceglier\u00e0 Di Lorenzo, che \u00e8 pi\u00f9 adatto nel fronteggiare Rodriguez&#8221;. Dopo gli elvetici di Petkovic, l&#8217;Italia sfider\u00e0 nell&#8217;ultima sfida del girone quel Galles con cui l&#8217;Albania ha recentemente pareggiato senza reti in amichevole: &#8220;Ha fisicit\u00e0 e giocatori di esperienza che militano quasi tutti in Premier League. Non sar\u00e0 facile, cos\u00ec come la Svizzera \u00e8 da prendere con le molle. Ma con l&#8217;Albania ho affrontato in amichevole anche la Repubblic Ceca (3-1 per i cechi, ndr), che potrebbe essere la rivelazione di questo Europeo&#8221;. Reja, infine, si sofferma sulla Spagna, fermata al debutto sullo 0-0 dalla Svezia: &#8220;Ha avuto una involuzione, non \u00e8 tra le mie favorite, ma pu\u00f2 capitare nella prima partita un pareggio. Aspettiamo prima di dare giudizi, Luis Enrique non sta benissimo e si far\u00e0 delle domande: la Spagna ha mezzi importanti e qualit\u00e0 per risalire, anche se non \u00e8 tra le mie favorite&#8221;.<br \/>(ITALPRESS).<\/div>\n<div id=\"div-gpt-ad-Messinaoggi.it-DSK-300x250-corpoart\" style=\"text-align:center;margin:0 auto;\"><\/div><\/p><div id=\"videoincontent\" style=\"clear:both\";><\/div>","protected":false},"excerpt":{"rendered":"<p>ROMA (ITALPRESS) &#8211; &#8220;Ci sono state buone prestazioni, in modo particolare l&#8217;Italia \u00e8 la squadra che ha fatto vedere il miglior calcio: auguriamoci che possa continuare su questa strada&#8221;. A Edy Reja, ct dell&#8217;Albania, il debutto degli azzurri a Euro2020 con la Turchia \u00e8 piaciuto, tanto da prevedere un gran cammino di Chiellini e compagni [&hellip;]<\/p>\n","protected":false},"author":18,"featured_media":69042,"comment_status":"closed","ping_status":"closed","sticky":false,"template":"","format":"standard","meta":{"ub_ctt_via":"","_mi_skip_tracking":false},"categories":[10,446,9],"tags":[783],"featured_image_src":"https:\/\/www.messinaoggi.it\/website\/wp-content\/uploads\/2021\/06\/20210615_1442.jpg","author_info":{"display_name":"Admin","author_link":"https:\/\/www.messinaoggi.it\/website\/author\/admin\/"},"digistream_id":0,"digistream":false,"_links":{"self":[{"href":"https:\/\/www.messinaoggi.it\/website\/wp-json\/wp\/v2\/posts\/69041"}],"collection":[{"href":"https:\/\/www.messinaoggi.it\/website\/wp-json\/wp\/v2\/posts"}],"about":[{"href":"https:\/\/www.messinaoggi.it\/website\/wp-json\/wp\/v2\/types\/post"}],"author":[{"embeddable":true,"href":"https:\/\/www.messinaoggi.it\/website\/wp-json\/wp\/v2\/users\/18"}],"replies":[{"embeddable":true,"href":"https:\/\/www.messinaoggi.it\/website\/wp-json\/wp\/v2\/comments?post=69041"}],"version-history":[{"count":1,"href":"https:\/\/www.messinaoggi.it\/website\/wp-json\/wp\/v2\/posts\/69041\/revisions"}],"predecessor-version":[{"id":69050,"href":"https:\/\/www.messinaoggi.it\/website\/wp-json\/wp\/v2\/posts\/69041\/revisions\/69050"}],"wp:featuredmedia":[{"embeddable":true,"href":"https:\/\/www.messinaoggi.it\/website\/wp-json\/wp\/v2\/media\/69042"}],"wp:attachment":[{"href":"https:\/\/www.messinaoggi.it\/website\/wp-json\/wp\/v2\/media?parent=69041"}],"wp:term":[{"taxonomy":"category","embeddable":true,"href":"https:\/\/www.messinaoggi.it\/website\/wp-json\/wp\/v2\/categories?post=69041"},{"taxonomy":"post_tag","embeddable":true,"href":"https:\/\/www.messinaoggi.it\/website\/wp-json\/wp\/v2\/tags?post=69041"}],"curies":[{"name":"wp","href":"https:\/\/api.w.org\/{rel}","templated":true}]}}