{"id":68991,"date":"2021-06-15T12:47:50","date_gmt":"2021-06-15T10:47:50","guid":{"rendered":"http:\/\/www.messinaoggi.it\/website\/?p=68991"},"modified":"2021-06-15T12:52:42","modified_gmt":"2021-06-15T10:52:42","slug":"parcheggia-sul-marciapiede-della-prefettura","status":"publish","type":"post","link":"https:\/\/www.messinaoggi.it\/website\/2021\/06\/15\/parcheggia-sul-marciapiede-della-prefettura\/","title":{"rendered":"Parcheggia sul marciapiede&#8230; della Prefettura"},"content":{"rendered":"\n<p>All&#8217;incivilt\u00e0 non c&#8217;\u00e8 mai fine. Nella foto in evidenza potete vedere che il titolare dell&#8217;auto ha commesso almeno una duplice infrazione del codice della strada: non solo ha parcheggiato il mezzo in corrispondenza di un divieto di sosta, ma lo ha fatto anche sul marciapiede.<div id=\"div-gpt-ad-Messinaoggi.it-DSK-300x250-corpoart\" style=\"text-align:center;margin:0 auto;\"><\/div><\/p>\n\n\n\n<p>Ed \u00e8 proprio il caso di dirlo: oltre il danno la beffa. Adestare ancor pi\u00f9 indignazione, infatti, \u00e8 il fatto che il veicolo sia stato parcheggiato proprio sotto alla Prefettura, istituzione simbolo della legalit\u00e0 e della sicurezza.<div id=\"videoincontent\" style=\"clear:both\";><\/div><\/p>\n","protected":false},"excerpt":{"rendered":"<p>All&#8217;incivilt\u00e0 non c&#8217;\u00e8 mai fine. Nella foto in evidenza potete vedere che il titolare dell&#8217;auto ha commesso almeno una duplice infrazione del codice della strada: non solo ha parcheggiato il mezzo in corrispondenza di un divieto di sosta, ma lo ha fatto anche sul marciapiede. Ed \u00e8 proprio il caso di dirlo: oltre il danno [&hellip;]<\/p>\n","protected":false},"author":8,"featured_media":68989,"comment_status":"open","ping_status":"open","sticky":false,"template":"","format":"standard","meta":{"ub_ctt_via":"","_mi_skip_tracking":false},"categories":[5],"tags":[2246,28],"featured_image_src":"https:\/\/www.messinaoggi.it\/website\/wp-content\/uploads\/2021\/06\/indexb.jpg","author_info":{"display_name":"red..me","author_link":"https:\/\/www.messinaoggi.it\/website\/author\/redstage\/"},"digistream_id":0,"digistream":false,"_links":{"self":[{"href":"https:\/\/www.messinaoggi.it\/website\/wp-json\/wp\/v2\/posts\/68991"}],"collection":[{"href":"https:\/\/www.messinaoggi.it\/website\/wp-json\/wp\/v2\/posts"}],"about":[{"href":"https:\/\/www.messinaoggi.it\/website\/wp-json\/wp\/v2\/types\/post"}],"author":[{"embeddable":true,"href":"https:\/\/www.messinaoggi.it\/website\/wp-json\/wp\/v2\/users\/8"}],"replies":[{"embeddable":true,"href":"https:\/\/www.messinaoggi.it\/website\/wp-json\/wp\/v2\/comments?post=68991"}],"version-history":[{"count":2,"href":"https:\/\/www.messinaoggi.it\/website\/wp-json\/wp\/v2\/posts\/68991\/revisions"}],"predecessor-version":[{"id":68997,"href":"https:\/\/www.messinaoggi.it\/website\/wp-json\/wp\/v2\/posts\/68991\/revisions\/68997"}],"wp:featuredmedia":[{"embeddable":true,"href":"https:\/\/www.messinaoggi.it\/website\/wp-json\/wp\/v2\/media\/68989"}],"wp:attachment":[{"href":"https:\/\/www.messinaoggi.it\/website\/wp-json\/wp\/v2\/media?parent=68991"}],"wp:term":[{"taxonomy":"category","embeddable":true,"href":"https:\/\/www.messinaoggi.it\/website\/wp-json\/wp\/v2\/categories?post=68991"},{"taxonomy":"post_tag","embeddable":true,"href":"https:\/\/www.messinaoggi.it\/website\/wp-json\/wp\/v2\/tags?post=68991"}],"curies":[{"name":"wp","href":"https:\/\/api.w.org\/{rel}","templated":true}]}}