{"id":68733,"date":"2021-06-13T16:07:33","date_gmt":"2021-06-13T14:07:33","guid":{"rendered":"https:\/\/www.messinaoggi.it\/website\/2021\/06\/13\/jorginho-svizzera-ben-organizzata-serve-laiuto-di-tutti\/"},"modified":"2021-06-13T18:31:10","modified_gmt":"2021-06-13T16:31:10","slug":"jorginho-svizzera-ben-organizzata-serve-laiuto-di-tutti","status":"publish","type":"post","link":"https:\/\/www.messinaoggi.it\/website\/2021\/06\/13\/jorginho-svizzera-ben-organizzata-serve-laiuto-di-tutti\/","title":{"rendered":"Jorginho \u201cSvizzera ben organizzata, serve l\u2019aiuto di tutti\u201d"},"content":{"rendered":"<div>FIRENZE (ITALPRESS) &#8211; &#8220;La Svizzera? Abbiamo guardato la gara contro il Galles, abbiamo visto un&#8217;ottima squadra che sa giocare a calcio, molto organizzata, con lo stesso allenatore da anni, e quindi dobbiamo stare attenti ai meccanismi che hanno giocando insieme da anni. Hanno giocatori esperti, intorno al 10-15esimo posto nel ranking, quindi \u00e8 una squadra a cui stare attenti e studiare per bene per cercare di vincere&#8221;. Lo ha detto il centrocampista azzurro Jorginho dal ritiro della Nazionale italiana a Coverciano. &#8220;Leader di questa nazionale? Sono un giocatore che cerca di aiutare tutti, ci sono giocatori di grande personalit\u00e0. Serve il mio aiuto, ma quello di tutti, ognuno ha qualcosa da aggiungere. Non esiste un solo leader&#8221; ha aggiunto il calciatore del Chelsea. &#8220;E&#8217; bello vincere, si deve essere felici per questo &#8211; ha aggiunto Jorginho &#8211; Giusto festeggiare perch\u00e8 lavoriamo tanto. Sappiamo per\u00f2 che ci sar\u00e0 poi un&#8217;altra partita che \u00e8 sempre la pi\u00f9 difficile della precedente. Non ho visto niente di eccessivo nelle celebrazioni&#8221; dopo la vittoria contro la Turchia. &#8220;Non credo che questa squadra perder\u00e0 l&#8217;umilt\u00e0 perch\u00e8 ha vinto una partita. Rimarremo sempre con i piedi per terra&#8221;.<br \/>Inevitabile un accenno a quanto accaduto a Eriksen: &#8220;Quel che \u00e8 successo ieri \u00e8 stato veramente forte. Io l&#8217;ho sentita molto perch\u00e8 pensavo in quel momento ai compagni, ai tifosi, alla famiglia, a sua moglie che era l\u00ec. Ci dispiace moltissimo, mi sento di fare un grande in bocca al lupo ad Eriksen, alla sua famiglia e lo invito ad essere forte&#8221;.<br \/>(ITALPRESS).<\/div>\n<div id=\"div-gpt-ad-Messinaoggi.it-DSK-300x250-corpoart\" style=\"text-align:center;margin:0 auto;\"><\/div><\/p><div id=\"videoincontent\" style=\"clear:both\";><\/div>","protected":false},"excerpt":{"rendered":"<p>FIRENZE (ITALPRESS) &#8211; &#8220;La Svizzera? Abbiamo guardato la gara contro il Galles, abbiamo visto un&#8217;ottima squadra che sa giocare a calcio, molto organizzata, con lo stesso allenatore da anni, e quindi dobbiamo stare attenti ai meccanismi che hanno giocando insieme da anni. Hanno giocatori esperti, intorno al 10-15esimo posto nel ranking, quindi \u00e8 una squadra [&hellip;]<\/p>\n","protected":false},"author":18,"featured_media":68734,"comment_status":"closed","ping_status":"closed","sticky":false,"template":"","format":"standard","meta":{"ub_ctt_via":"","_mi_skip_tracking":false},"categories":[10,446,9],"tags":[783],"featured_image_src":"https:\/\/www.messinaoggi.it\/website\/wp-content\/uploads\/2021\/06\/20210613_0571.jpg","author_info":{"display_name":"Admin","author_link":"https:\/\/www.messinaoggi.it\/website\/author\/admin\/"},"digistream_id":0,"digistream":false,"_links":{"self":[{"href":"https:\/\/www.messinaoggi.it\/website\/wp-json\/wp\/v2\/posts\/68733"}],"collection":[{"href":"https:\/\/www.messinaoggi.it\/website\/wp-json\/wp\/v2\/posts"}],"about":[{"href":"https:\/\/www.messinaoggi.it\/website\/wp-json\/wp\/v2\/types\/post"}],"author":[{"embeddable":true,"href":"https:\/\/www.messinaoggi.it\/website\/wp-json\/wp\/v2\/users\/18"}],"replies":[{"embeddable":true,"href":"https:\/\/www.messinaoggi.it\/website\/wp-json\/wp\/v2\/comments?post=68733"}],"version-history":[{"count":1,"href":"https:\/\/www.messinaoggi.it\/website\/wp-json\/wp\/v2\/posts\/68733\/revisions"}],"predecessor-version":[{"id":68763,"href":"https:\/\/www.messinaoggi.it\/website\/wp-json\/wp\/v2\/posts\/68733\/revisions\/68763"}],"wp:featuredmedia":[{"embeddable":true,"href":"https:\/\/www.messinaoggi.it\/website\/wp-json\/wp\/v2\/media\/68734"}],"wp:attachment":[{"href":"https:\/\/www.messinaoggi.it\/website\/wp-json\/wp\/v2\/media?parent=68733"}],"wp:term":[{"taxonomy":"category","embeddable":true,"href":"https:\/\/www.messinaoggi.it\/website\/wp-json\/wp\/v2\/categories?post=68733"},{"taxonomy":"post_tag","embeddable":true,"href":"https:\/\/www.messinaoggi.it\/website\/wp-json\/wp\/v2\/tags?post=68733"}],"curies":[{"name":"wp","href":"https:\/\/api.w.org\/{rel}","templated":true}]}}