{"id":6873,"date":"2017-08-28T10:39:40","date_gmt":"2017-08-28T08:39:40","guid":{"rendered":"http:\/\/www.messinaoggi.it\/website\/?p=6873"},"modified":"2017-08-28T10:39:40","modified_gmt":"2017-08-28T08:39:40","slug":"dissesto-finanziario-ex-provincia-di-messina-bisignano-labormetro-perche-accelerare-liter-ad-agosto","status":"publish","type":"post","link":"https:\/\/www.messinaoggi.it\/website\/2017\/08\/28\/dissesto-finanziario-ex-provincia-di-messina-bisignano-labormetro-perche-accelerare-liter-ad-agosto\/","title":{"rendered":"Dissesto finanziario ex Provincia di Messina, Bisignano (LaborMetro): &quot;Perch\u00e9 accelerare l&#039;iter ad Agosto?&quot;"},"content":{"rendered":"<p style=\"text-align: justify\">\u201c<span style=\"font-family: Arial, sans-serif\">L&#8217;istituzione della Citt\u00e0 Metropolitana \u00e8 stata, negli ultimi decenni, la conquista pi\u00f9 importante per il nostro territorio. Una conquista, di cui ancora non si \u00e8 ben compresa l&#8217;importanza, ma che ha gi\u00e0 dato risultati incontrovertibili\u201d. Lo afferma il coordinatore di LaborMetro, Michele Bisignano, riferendosi alle opportunit\u00e0 di sviluppo territoriale che ha avuto l&#8217;ex Provincia di Messina attraverso l&#8217;erogazione di numerosi finanziamenti dallo Stato, il tutto grazie al nuovo status di Citt\u00e0 Metropolitana di cui gode: \u201c\u00c8 proprio lo status di Citt\u00e0 Metropolitana che ha consentito nell&#8217;ottobre del 2016 la sigla del Patto per lo Sviluppo con il Presidente del Consiglio Matteo Renzi. Un Master Plan che prevede interventi spalmati in pi\u00f9 anni per circa 777 milioni di euro per una serie di settori importanti per tutto il territorio provinciale, quali le infrastrutture ed i trasporti, lo sviluppo economico e produttivo, il turismo e la Cultura e l&#8217;Ambiente\u201d. Ma i vantaggi non si fermerebbero soltanto sotto un profilo prettamente finanziario: \u201cCos\u00ec come \u00e8 stato proprio lo status di Citt\u00e0 Metropolitana che ha consentito alla Camera di Commercio di Messina di mantenere la propria autonomia, ed evitare l&#8217;accorpamento con altre realt\u00e0\u201d.<\/span><div id=\"div-gpt-ad-Messinaoggi.it-DSK-300x250-corpoart\" style=\"text-align:center;margin:0 auto;\"><\/div><\/p>\n<p style=\"text-align: justify\"><span style=\"font-family: Arial, sans-serif\">Una conquista tutt&#8217;altro che semplice da ottenere: \u201cTale conquista \u00e8 stata ottenuta grazie agli imput di poche realt\u00e0 sociali locali seguiti da una forte iniziativa politica portata avanti, soprattutto, dal Presidente dell&#8217;Ars, nel momento in cui si ipotizzava che venissero individuate come Citt\u00e0 Metropolitane Palermo e Catania, od addirittura solo Palermo, con la contestuale esclusione di Messina dalla prima versione dei Patti per il Sud.<\/span><div id=\"videoincontent\" style=\"clear:both\";><\/div><\/p>\n<p style=\"text-align: justify\"><span style=\"font-family: Arial, sans-serif\">Ma tale conquista non pu\u00f2 essere svilita ed annullata da chi pensa di gestire la Citt\u00e0 Metropolitana come una azienda &#8211; afferma poi Bisignano, riferendosi chiaramente al recente avvio dell&#8217;iter di dissesto finanziario per la Citt\u00e0 Metropolitana di Messina da parte del Commissario Filippo Romano &#8211; senza tenere presente che Citt\u00e0 Metropolitana significa territori, identit\u00e0, cultura, storia e forse l&#8217;unica prospettiva seria di sviluppo per una realt\u00e0 di 670.000 abitanti\u201d.<\/span><\/p>\n<p style=\"text-align: justify\"><span style=\"font-family: Arial, sans-serif\">In riferimento al delicato tema del recente dissesto finanziario, Bisignano prosegue: \u201cNon \u00e8 comprensibile quindi il perch\u00e9 si voglia accelerare una procedura di Dissesto in pieno Agosto, che avr\u00e0 conseguenze pesantissime sul futuro dei dipendenti dell&#8217;Ente e sui cittadini e i Comuni della provincia, pur dichiarando che l&#8217;Ente non versa in condizioni disastrose data l&#8217;assenza di pregressi indebitamento, debiti fuori bilancio e disavanzo, senza attendere la scadenza prevista dalla normativa per l&#8217;approvazione dei bilanci comprese eventuali proroghe, e l&#8217;eventuale nomina di un Commissario ad Acta.<\/span><\/p>\n<p style=\"text-align: justify\"><span style=\"font-family: Arial, sans-serif\">Ma non si comprende soprattutto perch\u00e9, dato che questo elemento del prelievo forzoso riguarda tutte le nove ex province siciliane, le procedure per il dissesto sono state avviate solo per la Citt\u00e0 Metropolitana di Messina, invece di promuovere una serie di azioni comuni di tutti gli Enti intermedi siciliani. Ed \u00e8 emblematico il caso della ex Provincia di Siracusa, dove non vengono pagati da parecchi mesi gli stipendi e non di riesce a far fronte ai creditori e ai fornitori (situazione ben nota al Commissario Straordinario della Citt\u00e0 Metropolitana di Messina perch\u00e9 proprio in quella Provincia svolge il ruolo di Vice Prefetto Vicario)\u201d.<\/span><\/p>\n<p style=\"text-align: justify\"><span style=\"font-family: Arial, sans-serif\">Le critiche non risparmiano neanche nei confronti dell&#8217;attuale sindaco metropolitano, Renato Accorinti: \u201cMa ci chiediamo ancora come il sindaco della citt\u00e0 metropolitana pensi di coniugare la sua volont\u00e0 di dare seguito con un atteggiamento notarile all&#8217;atto di indirizzo del commissario facente funzione del Consiglio metropolitano con l&#8217;impegno assunto nel ottobre del 2016 di assicurare il pieno conseguimento degli obiettivi del patto per lo sviluppo inclusi quelli di spesa\u201d.<\/span><\/p>\n","protected":false},"excerpt":{"rendered":"<p>\u201cL&#8217;istituzione della Citt\u00e0 Metropolitana \u00e8 stata, negli ultimi decenni, la conquista pi\u00f9 importante per il nostro territorio. Una conquista, di cui ancora non si \u00e8 ben compresa l&#8217;importanza, ma che ha gi\u00e0 dato risultati incontrovertibili\u201d. Lo afferma il coordinatore di LaborMetro, Michele Bisignano, riferendosi alle opportunit\u00e0 di sviluppo territoriale che ha avuto l&#8217;ex Provincia di [&hellip;]<\/p>\n","protected":false},"author":8,"featured_media":6257,"comment_status":"closed","ping_status":"open","sticky":false,"template":"","format":"standard","meta":{"ub_ctt_via":"","_mi_skip_tracking":false},"categories":[4],"tags":[],"featured_image_src":"https:\/\/www.messinaoggi.it\/website\/wp-content\/uploads\/2017\/08\/piazza-antonello-con-palazzo-dei-leoni-messinaoggiMR-2.jpg","author_info":{"display_name":"red..me","author_link":"https:\/\/www.messinaoggi.it\/website\/author\/redstage\/"},"digistream_id":0,"digistream":false,"_links":{"self":[{"href":"https:\/\/www.messinaoggi.it\/website\/wp-json\/wp\/v2\/posts\/6873"}],"collection":[{"href":"https:\/\/www.messinaoggi.it\/website\/wp-json\/wp\/v2\/posts"}],"about":[{"href":"https:\/\/www.messinaoggi.it\/website\/wp-json\/wp\/v2\/types\/post"}],"author":[{"embeddable":true,"href":"https:\/\/www.messinaoggi.it\/website\/wp-json\/wp\/v2\/users\/8"}],"replies":[{"embeddable":true,"href":"https:\/\/www.messinaoggi.it\/website\/wp-json\/wp\/v2\/comments?post=6873"}],"version-history":[{"count":0,"href":"https:\/\/www.messinaoggi.it\/website\/wp-json\/wp\/v2\/posts\/6873\/revisions"}],"wp:featuredmedia":[{"embeddable":true,"href":"https:\/\/www.messinaoggi.it\/website\/wp-json\/wp\/v2\/media\/6257"}],"wp:attachment":[{"href":"https:\/\/www.messinaoggi.it\/website\/wp-json\/wp\/v2\/media?parent=6873"}],"wp:term":[{"taxonomy":"category","embeddable":true,"href":"https:\/\/www.messinaoggi.it\/website\/wp-json\/wp\/v2\/categories?post=6873"},{"taxonomy":"post_tag","embeddable":true,"href":"https:\/\/www.messinaoggi.it\/website\/wp-json\/wp\/v2\/tags?post=6873"}],"curies":[{"name":"wp","href":"https:\/\/api.w.org\/{rel}","templated":true}]}}