{"id":68662,"date":"2021-06-12T17:09:55","date_gmt":"2021-06-12T15:09:55","guid":{"rendered":"http:\/\/www.messinaoggi.it\/website\/?p=68662"},"modified":"2021-06-12T17:09:55","modified_gmt":"2021-06-12T15:09:55","slug":"turismo-il-governo-musumeci-lavora-alla-riforma","status":"publish","type":"post","link":"https:\/\/www.messinaoggi.it\/website\/2021\/06\/12\/turismo-il-governo-musumeci-lavora-alla-riforma\/","title":{"rendered":"Turismo, il governo Musumeci lavora alla Riforma"},"content":{"rendered":"\n<p>Il governo Musumeci sta lavorando da mesi a una riforma complessiva del settore turistico, sia per quanto concerne gli operatori che per quanto riguarda le strutture ricettive. In generale modificher\u00e0 tutti gli aspetti fondamentali per adeguare gli aspetti burocratici e amministrativi alle nuove realt\u00e0 del turismo internazionale&#8221;. <div id=\"div-gpt-ad-Messinaoggi.it-DSK-300x250-corpoart\" style=\"text-align:center;margin:0 auto;\"><\/div><\/p>\n\n\n\n<p>Lo dichiara l\u2019assessore regionale al Turismo, <strong>Manlio Messina<\/strong>, precisando che &#8220;per quanto riguarda gli operatori \u00e8 gi\u00e0 in itinere per i pareri di competenza un disegno di legge che disciplina le attivit\u00e0 di organizzazione e intermediazione di viaggi e soggiorni turistici&#8221;<div id=\"videoincontent\" style=\"clear:both\";><\/div><\/p>\n","protected":false},"excerpt":{"rendered":"<p>Il governo Musumeci sta lavorando da mesi a una riforma complessiva del settore turistico, sia per quanto concerne gli operatori che per quanto riguarda le strutture ricettive. In generale modificher\u00e0 tutti gli aspetti fondamentali per adeguare gli aspetti burocratici e amministrativi alle nuove realt\u00e0 del turismo internazionale&#8221;. Lo dichiara l\u2019assessore regionale al Turismo, Manlio Messina, [&hellip;]<\/p>\n","protected":false},"author":2,"featured_media":34790,"comment_status":"open","ping_status":"open","sticky":false,"template":"","format":"standard","meta":{"ub_ctt_via":"","_mi_skip_tracking":false},"categories":[11],"tags":[2212,593,150,195],"featured_image_src":"https:\/\/www.messinaoggi.it\/website\/wp-content\/uploads\/2019\/07\/manlio-messina.jpg","author_info":{"display_name":"Redazione","author_link":"https:\/\/www.messinaoggi.it\/website\/author\/redazione\/"},"digistream_id":0,"digistream":false,"_links":{"self":[{"href":"https:\/\/www.messinaoggi.it\/website\/wp-json\/wp\/v2\/posts\/68662"}],"collection":[{"href":"https:\/\/www.messinaoggi.it\/website\/wp-json\/wp\/v2\/posts"}],"about":[{"href":"https:\/\/www.messinaoggi.it\/website\/wp-json\/wp\/v2\/types\/post"}],"author":[{"embeddable":true,"href":"https:\/\/www.messinaoggi.it\/website\/wp-json\/wp\/v2\/users\/2"}],"replies":[{"embeddable":true,"href":"https:\/\/www.messinaoggi.it\/website\/wp-json\/wp\/v2\/comments?post=68662"}],"version-history":[{"count":1,"href":"https:\/\/www.messinaoggi.it\/website\/wp-json\/wp\/v2\/posts\/68662\/revisions"}],"predecessor-version":[{"id":68663,"href":"https:\/\/www.messinaoggi.it\/website\/wp-json\/wp\/v2\/posts\/68662\/revisions\/68663"}],"wp:featuredmedia":[{"embeddable":true,"href":"https:\/\/www.messinaoggi.it\/website\/wp-json\/wp\/v2\/media\/34790"}],"wp:attachment":[{"href":"https:\/\/www.messinaoggi.it\/website\/wp-json\/wp\/v2\/media?parent=68662"}],"wp:term":[{"taxonomy":"category","embeddable":true,"href":"https:\/\/www.messinaoggi.it\/website\/wp-json\/wp\/v2\/categories?post=68662"},{"taxonomy":"post_tag","embeddable":true,"href":"https:\/\/www.messinaoggi.it\/website\/wp-json\/wp\/v2\/tags?post=68662"}],"curies":[{"name":"wp","href":"https:\/\/api.w.org\/{rel}","templated":true}]}}