{"id":68632,"date":"2021-06-12T16:15:10","date_gmt":"2021-06-12T14:15:10","guid":{"rendered":"http:\/\/www.messinaoggi.it\/website\/?p=68632"},"modified":"2021-06-12T16:15:11","modified_gmt":"2021-06-12T14:15:11","slug":"madonna-di-montalto-rinnovata-la-tradizione-del-cero-votivo","status":"publish","type":"post","link":"https:\/\/www.messinaoggi.it\/website\/2021\/06\/12\/madonna-di-montalto-rinnovata-la-tradizione-del-cero-votivo\/","title":{"rendered":"Madonna di Montalto, rinnovata la tradizione del cero votivo"},"content":{"rendered":"\n<p>Nel santuario della Madonna di Montalto \u00e8 stato celebrato questa mattina il solenne Pontificale in onore della protettrice speciale della citt\u00e0, presieduto dal parroco del Santuario padre Lorenzo Campagna.<div id=\"div-gpt-ad-Messinaoggi.it-DSK-300x250-corpoart\" style=\"text-align:center;margin:0 auto;\"><\/div><\/p>\n\n\n\n<p>Nel corso della cerimonia, per antica tradizione, si \u00e8 svolto l\u2019atto di affidamento della Citt\u00e0 alla Vergine di Montalto da parte del sindaco Cateno De Luca, che ha offerto il cero votivo di 25 libbre seguendo la tradizione istituita dal Decreto del Senato messinese, il primo marzo del 1745, in ringraziamento dell\u2019intervento della Madonna durante la peste del 1743.<div id=\"videoincontent\" style=\"clear:both\";><\/div><\/p>\n\n\n\n<div class=\"wp-block-image\"><figure class=\"alignright\"><img src=\"https:\/\/comune.messina.it\/wp-content\/uploads\/2021\/06\/cero3-200x300.jpg\" alt=\"\" class=\"wp-image-112315\"\/><\/figure><\/div>\n\n\n\n<p>Alla commemorazione religiosa \u00e8 seguita l\u2019annuale Festa della Colomba.<\/p>\n\n\n\n<p>Nel solco della tradizione religiosa, il sindaco De Luca ha rievocato la devozione spirituale della comunit\u00e0 messinese alla Madonna di Montalto per l\u2019intervento volto a salvare la Citt\u00e0 dall\u2019assedio dei Saraceni e degli Angioini durante la guerra del Vespro del 1282.<\/p>\n","protected":false},"excerpt":{"rendered":"<p>Nel santuario della Madonna di Montalto \u00e8 stato celebrato questa mattina il solenne Pontificale in onore della protettrice speciale della citt\u00e0, presieduto dal parroco del Santuario padre Lorenzo Campagna. Nel corso della cerimonia, per antica tradizione, si \u00e8 svolto l\u2019atto di affidamento della Citt\u00e0 alla Vergine di Montalto da parte del sindaco Cateno De Luca, [&hellip;]<\/p>\n","protected":false},"author":4,"featured_media":68633,"comment_status":"open","ping_status":"open","sticky":false,"template":"","format":"standard","meta":{"ub_ctt_via":"","_mi_skip_tracking":false},"categories":[5],"tags":[2209,2210],"featured_image_src":"https:\/\/www.messinaoggi.it\/website\/wp-content\/uploads\/2021\/06\/Cateno-De-Luca-e-colomba.jpg","author_info":{"display_name":"redme","author_link":"https:\/\/www.messinaoggi.it\/website\/author\/redme\/"},"digistream_id":0,"digistream":false,"_links":{"self":[{"href":"https:\/\/www.messinaoggi.it\/website\/wp-json\/wp\/v2\/posts\/68632"}],"collection":[{"href":"https:\/\/www.messinaoggi.it\/website\/wp-json\/wp\/v2\/posts"}],"about":[{"href":"https:\/\/www.messinaoggi.it\/website\/wp-json\/wp\/v2\/types\/post"}],"author":[{"embeddable":true,"href":"https:\/\/www.messinaoggi.it\/website\/wp-json\/wp\/v2\/users\/4"}],"replies":[{"embeddable":true,"href":"https:\/\/www.messinaoggi.it\/website\/wp-json\/wp\/v2\/comments?post=68632"}],"version-history":[{"count":1,"href":"https:\/\/www.messinaoggi.it\/website\/wp-json\/wp\/v2\/posts\/68632\/revisions"}],"predecessor-version":[{"id":68634,"href":"https:\/\/www.messinaoggi.it\/website\/wp-json\/wp\/v2\/posts\/68632\/revisions\/68634"}],"wp:featuredmedia":[{"embeddable":true,"href":"https:\/\/www.messinaoggi.it\/website\/wp-json\/wp\/v2\/media\/68633"}],"wp:attachment":[{"href":"https:\/\/www.messinaoggi.it\/website\/wp-json\/wp\/v2\/media?parent=68632"}],"wp:term":[{"taxonomy":"category","embeddable":true,"href":"https:\/\/www.messinaoggi.it\/website\/wp-json\/wp\/v2\/categories?post=68632"},{"taxonomy":"post_tag","embeddable":true,"href":"https:\/\/www.messinaoggi.it\/website\/wp-json\/wp\/v2\/tags?post=68632"}],"curies":[{"name":"wp","href":"https:\/\/api.w.org\/{rel}","templated":true}]}}