{"id":6845,"date":"2017-08-26T13:29:02","date_gmt":"2017-08-26T11:29:02","guid":{"rendered":"http:\/\/www.messinaoggi.it\/website\/?p=6845"},"modified":"2017-08-26T13:29:02","modified_gmt":"2017-08-26T11:29:02","slug":"progetto-tracce-di-memoria-a-montalbano-entra-nel-vivo-la-4fase","status":"publish","type":"post","link":"https:\/\/www.messinaoggi.it\/website\/2017\/08\/26\/progetto-tracce-di-memoria-a-montalbano-entra-nel-vivo-la-4fase\/","title":{"rendered":"Progetto &quot;Tracce di memoria&quot;, a Montalbano entra nel vivo il 4\u00b0laboratorio"},"content":{"rendered":"<p style=\"text-align: justify\">E\u2019 entrato nel vivo il quarto ed ultimo laboratorio residenziale del progetto \u00abTracce di Memoria\u00bb, condotto dall\u2019attore e regista franco &#8211; senegalese Mamadou Dioume e realizzato nel Castello Federico III e nell&#8217;intero borgo di Montalbano Elicona.<div id=\"div-gpt-ad-Messinaoggi.it-DSK-300x250-corpoart\" style=\"text-align:center;margin:0 auto;\"><\/div><\/p>\n<p style=\"text-align: justify\">Venticinque partecipanti provenienti da tutta Italia, di et\u00e0 compresa fra i 18 e i 35 anni, hanno iniziato la prima fase del lavoro che li vedr\u00e0 impegnati per dieci giorni. Dopo la presentazione del progetto e del programma del laboratorio da parte dell\u2019associazione giarrese ArchiDrama e dell\u2019associazione montalbanese l\u2019Aurora, i ragazzi hanno immediatamente iniziato a lavorare, prima nell\u2019anfiteatro e poi nella Sala Arnaldo da Villanova del Castello Federico III d\u2019Aragona.<div id=\"videoincontent\" style=\"clear:both\";><\/div><\/p>\n<p style=\"text-align: justify\">Si \u00e8 poi passati allo studio dei testi delle memorie di Montalbano Elicona e all\u2019elaborazione teatrale del materiale fornito da ArchiDrama e del materiale recuperato dagli stessi partecipanti durante gli incontri con gli abitanti del paese.<\/p>\n<p style=\"text-align: justify\">Approfondito lo studio del materiale, i partecipanti hanno iniziato a \u00abnutrirsi\u00bb del testo per poi trasferirlo in voce e corpo. Lunga parte del lavoro di Mamadou Dioume, infatti, \u00e8 dedicato alla preparazione del corpo. Attraverso gli esercizi fisici si mette in atto una ricerca verso la prima forma del linguaggio teatrale: la mimica. Si passer\u00e0 man mano a tutti gli step successivi per un percorso che fa del teatro un mezzo d&#8217;espressione universale in grado di travalicare non solo i confini culturali ma anche quelli temporali, riuscendo a raccontare e rievocare miti, leggende e memorie di uno dei borghi pi\u00f9 belli d&#8217;Italia. L\u2019attivit\u00e0 \u00e8 svolta anche in funzione della realizzazione di una dimostrazione di lavoro finale che sar\u00e0 condivisa con la comunit\u00e0 di Montalbano Elicona, allo scopo di restituire a quest\u2019ultima le memorie della propria storia e della propria tradizione attraverso il linguaggio del teatro.<\/p>\n<p style=\"text-align: justify\">Alcuni dei partecipanti di questo laboratorio verranno selezionati per entrare a far parte della Compagnia che realizzer\u00e0 lo spettacolo sulle memorie di Montalbano Elicona in occasione del Festival teatrale sulle Memorie, in programma l\u20191, il 2 ed il 3 settembre.<\/p>\n<p style=\"text-align: justify\">Ieri intanto si \u00e8 chiuso il bando di partecipazione al Festival, occasione unica di visibilit\u00e0 per le compagnie provenienti da tutto il territorio nazionale ed internazionale che lavorano su specifici progetti di recupero delle tracce di memoria. Da oggi sul sito <a href=\"http:\/\/www.traccedimemoria.net\/\">www.traccedimemoria.net<\/a> sar\u00e0 disponibile la graduatoria delle compagnie ammesse al Festival. Saranno tre giorni intensi di incontri, spettacoli teatrali e racconti condivisi, aperti gratuitamente a tutti, sul tema della \u201cmemoria\u201d. A conclusione di ogni giornata del Festival verr\u00e0 realizzato uno spettacolo con numerosi ospiti di caratura internazionale del teatro, della musica e della danza.<\/p>\n<p style=\"text-align: justify\"><strong>\u00a0<\/strong><\/p>\n<p> <\/p>\n","protected":false},"excerpt":{"rendered":"<p>E\u2019 entrato nel vivo il quarto ed ultimo laboratorio residenziale del progetto \u00abTracce di Memoria\u00bb, condotto dall\u2019attore e regista franco &#8211; senegalese Mamadou Dioume e realizzato nel Castello Federico III e nell&#8217;intero borgo di Montalbano Elicona. Venticinque partecipanti provenienti da tutta Italia, di et\u00e0 compresa fra i 18 e i 35 anni, hanno iniziato la [&hellip;]<\/p>\n","protected":false},"author":9,"featured_media":6846,"comment_status":"closed","ping_status":"open","sticky":false,"template":"","format":"standard","meta":{"ub_ctt_via":"","_mi_skip_tracking":false},"categories":[16,14],"tags":[],"featured_image_src":"https:\/\/www.messinaoggi.it\/website\/wp-content\/uploads\/2017\/08\/Laboratorio-teatrale-2-1-2.jpg","author_info":{"display_name":"Roberto Santoro","author_link":"https:\/\/www.messinaoggi.it\/website\/author\/r-santoro\/"},"digistream_id":0,"digistream":false,"_links":{"self":[{"href":"https:\/\/www.messinaoggi.it\/website\/wp-json\/wp\/v2\/posts\/6845"}],"collection":[{"href":"https:\/\/www.messinaoggi.it\/website\/wp-json\/wp\/v2\/posts"}],"about":[{"href":"https:\/\/www.messinaoggi.it\/website\/wp-json\/wp\/v2\/types\/post"}],"author":[{"embeddable":true,"href":"https:\/\/www.messinaoggi.it\/website\/wp-json\/wp\/v2\/users\/9"}],"replies":[{"embeddable":true,"href":"https:\/\/www.messinaoggi.it\/website\/wp-json\/wp\/v2\/comments?post=6845"}],"version-history":[{"count":0,"href":"https:\/\/www.messinaoggi.it\/website\/wp-json\/wp\/v2\/posts\/6845\/revisions"}],"wp:featuredmedia":[{"embeddable":true,"href":"https:\/\/www.messinaoggi.it\/website\/wp-json\/wp\/v2\/media\/6846"}],"wp:attachment":[{"href":"https:\/\/www.messinaoggi.it\/website\/wp-json\/wp\/v2\/media?parent=6845"}],"wp:term":[{"taxonomy":"category","embeddable":true,"href":"https:\/\/www.messinaoggi.it\/website\/wp-json\/wp\/v2\/categories?post=6845"},{"taxonomy":"post_tag","embeddable":true,"href":"https:\/\/www.messinaoggi.it\/website\/wp-json\/wp\/v2\/tags?post=6845"}],"curies":[{"name":"wp","href":"https:\/\/api.w.org\/{rel}","templated":true}]}}