{"id":6833,"date":"2017-08-26T09:30:40","date_gmt":"2017-08-26T07:30:40","guid":{"rendered":"http:\/\/www.messinaoggi.it\/website\/?p=6833"},"modified":"2017-08-26T09:30:40","modified_gmt":"2017-08-26T07:30:40","slug":"viadotto-camaro-limitazioni-al-traffico-per-interventi-di-manutenzione","status":"publish","type":"post","link":"https:\/\/www.messinaoggi.it\/website\/2017\/08\/26\/viadotto-camaro-limitazioni-al-traffico-per-interventi-di-manutenzione\/","title":{"rendered":"Viadotto Camaro, limitazioni al traffico per interventi di manutenzione"},"content":{"rendered":"<p>Con ordinanza n\u00b0 667 del dipartimento Mobilit\u00e0 urbana e Viabilit\u00e0 \u00e8 stato disposto,\u00a0da luned\u00ec 28 sino al 19 settembre, il restringimento delle carreggiate del viale della Marina Russa sia nella corsia mare-monte che monte-valle, e della carreggiata stradale delle vie Comunale Camaro e Vecchia Comunale Camaro, in corrispondenza del cavalcavia autostradale, per il solo tratto necessario all\u2019installazione di un cestello mobile.<br \/>\nIl provvedimento \u00e8 stato adottato per consentire al Consorzio autostrade siciliane l\u2019esecuzione di lavori di messa in sicurezza, finalizzati alla rimozione dello stato di pericolo per la circolazione veicolare dovuto al distacco di porzioni di copriferro del viadotto Camaro.<div id=\"div-gpt-ad-Messinaoggi.it-DSK-300x250-corpoart\" style=\"text-align:center;margin:0 auto;\"><\/div><\/p>\n<div id=\"videoincontent\" style=\"clear:both\";><\/div>","protected":false},"excerpt":{"rendered":"<p>Con ordinanza n\u00b0 667 del dipartimento Mobilit\u00e0 urbana e Viabilit\u00e0 \u00e8 stato disposto,\u00a0da luned\u00ec 28 sino al 19 settembre, il restringimento delle carreggiate del viale della Marina Russa sia nella corsia mare-monte che monte-valle, e della carreggiata stradale delle vie Comunale Camaro e Vecchia Comunale Camaro, in corrispondenza del cavalcavia autostradale, per il solo tratto [&hellip;]<\/p>\n","protected":false},"author":2,"featured_media":6836,"comment_status":"closed","ping_status":"open","sticky":false,"template":"","format":"standard","meta":{"ub_ctt_via":"","_mi_skip_tracking":false},"categories":[6],"tags":[],"featured_image_src":"https:\/\/www.messinaoggi.it\/website\/wp-content\/uploads\/2017\/08\/vigili-del-fuoco-autoscala-2.jpg","author_info":{"display_name":"Redazione","author_link":"https:\/\/www.messinaoggi.it\/website\/author\/redazione\/"},"digistream_id":0,"digistream":false,"_links":{"self":[{"href":"https:\/\/www.messinaoggi.it\/website\/wp-json\/wp\/v2\/posts\/6833"}],"collection":[{"href":"https:\/\/www.messinaoggi.it\/website\/wp-json\/wp\/v2\/posts"}],"about":[{"href":"https:\/\/www.messinaoggi.it\/website\/wp-json\/wp\/v2\/types\/post"}],"author":[{"embeddable":true,"href":"https:\/\/www.messinaoggi.it\/website\/wp-json\/wp\/v2\/users\/2"}],"replies":[{"embeddable":true,"href":"https:\/\/www.messinaoggi.it\/website\/wp-json\/wp\/v2\/comments?post=6833"}],"version-history":[{"count":0,"href":"https:\/\/www.messinaoggi.it\/website\/wp-json\/wp\/v2\/posts\/6833\/revisions"}],"wp:featuredmedia":[{"embeddable":true,"href":"https:\/\/www.messinaoggi.it\/website\/wp-json\/wp\/v2\/media\/6836"}],"wp:attachment":[{"href":"https:\/\/www.messinaoggi.it\/website\/wp-json\/wp\/v2\/media?parent=6833"}],"wp:term":[{"taxonomy":"category","embeddable":true,"href":"https:\/\/www.messinaoggi.it\/website\/wp-json\/wp\/v2\/categories?post=6833"},{"taxonomy":"post_tag","embeddable":true,"href":"https:\/\/www.messinaoggi.it\/website\/wp-json\/wp\/v2\/tags?post=6833"}],"curies":[{"name":"wp","href":"https:\/\/api.w.org\/{rel}","templated":true}]}}