{"id":6820,"date":"2017-08-25T23:49:08","date_gmt":"2017-08-25T21:49:08","guid":{"rendered":"http:\/\/www.messinaoggi.it\/website\/?p=6820"},"modified":"2017-08-25T23:49:08","modified_gmt":"2017-08-25T21:49:08","slug":"camaro-21-convocati-per-lanticipo-interno-di-coppa-col-pistunina","status":"publish","type":"post","link":"https:\/\/www.messinaoggi.it\/website\/2017\/08\/25\/camaro-21-convocati-per-lanticipo-interno-di-coppa-col-pistunina\/","title":{"rendered":"Camaro, 21 convocati per l&#039;anticipo interno di Coppa col Pistunina"},"content":{"rendered":"<p style=\"text-align: justify\">Prima gara ufficiale alle porte per il Camaro, che domani sfider\u00e0 al &#8220;Marullo&#8221; (ore 16)\u00a0il Pistunina nel match di andata del primo turno di Coppa Italia di Eccellenza. Dopo un mese di duro lavoro e quattro amichevoli disputate, arriva dunque il debutto ufficiale per il gruppo del trainer Antonio Alacqua. Il tecnico, al debutto sulla panchina neroverde, ha convocato per l&#8217;occasione ventuno calciatori. A disposizione ci sono anche il portiere Ivan Mannino e il centrocampista Roberto Assenzio, entrambi pienamente recuperati dopo i rispettivi infortuni.<div id=\"div-gpt-ad-Messinaoggi.it-DSK-300x250-corpoart\" style=\"text-align:center;margin:0 auto;\"><\/div><\/p>\n<p style=\"text-align: justify\">Non ce l&#8217;ha fatta invece, l&#8217;esterno sinistro Fabio Campo, ex del Pistunina al pari di Gianluca Gazz\u00e8, alle prese con i fastidi muscolari che lo hanno tenuto fermo nelle ultime settimane; il centrocampista Angelo Falcone, ai box per il riacutizzarsi del problema inguinale accusato nei giorni scorsi, e la mezzala Andrea Visconti, ancora sofferente a una caviglia.<div id=\"videoincontent\" style=\"clear:both\";><\/div><\/p>\n<p style=\"text-align: justify\">Terna arbitrale tutta messinese per il match di domani pomeriggio: a dirigere l&#8217;incontro sar\u00e0 Giuseppe Mattace Raso, coadiuvato dagli assistenti Giuseppe Minutoli e Antonino Span\u00f2.<\/p>\n<p style=\"text-align: justify\">Di seguito l&#8217;elenco dei ventuno calciatori convocati:<\/p>\n<p style=\"text-align: justify\">Portieri: Alfredo Giorgianni, Ivan Mannino.<\/p>\n<p style=\"text-align: justify\">Difensori: Alberto Cappello, Gianluca Gazz\u00e8, Alberto Mondello, Daniele Morabito, Davide Pettinato, Andrea Raffa.<\/p>\n<p style=\"text-align: justify\">Centrocampisti: Daniele Ancione, Andrea Ardiri, Roberto Assenzio, Alessandro Bonamonte, Francesco Munaf\u00f2, Emanuele Muscar\u00e0, Ruben Zappal\u00e0.<\/p>\n<p style=\"text-align: justify\">Attaccanti: Roberto Brigand\u00ec, Marco Paludetti, Daniele Pantano, Pasquale Princi, Piero Sturniolo, Michele Velardi.<\/p>\n<p style=\"text-align: justify\"><strong>Nella foto, tratta da www.camaro1969.it, il difensore Alberto Cappello<\/strong><\/p>\n<p> <\/p>\n","protected":false},"excerpt":{"rendered":"<p>Prima gara ufficiale alle porte per il Camaro, che domani sfider\u00e0 al &#8220;Marullo&#8221; (ore 16)\u00a0il Pistunina nel match di andata del primo turno di Coppa Italia di Eccellenza. Dopo un mese di duro lavoro e quattro amichevoli disputate, arriva dunque il debutto ufficiale per il gruppo del trainer Antonio Alacqua. Il tecnico, al debutto sulla [&hellip;]<\/p>\n","protected":false},"author":9,"featured_media":6822,"comment_status":"closed","ping_status":"open","sticky":false,"template":"","format":"standard","meta":{"ub_ctt_via":"","_mi_skip_tracking":false},"categories":[10,9],"tags":[],"featured_image_src":"https:\/\/www.messinaoggi.it\/website\/wp-content\/uploads\/2017\/08\/1803_9-2.jpg","author_info":{"display_name":"Roberto Santoro","author_link":"https:\/\/www.messinaoggi.it\/website\/author\/r-santoro\/"},"digistream_id":0,"digistream":false,"_links":{"self":[{"href":"https:\/\/www.messinaoggi.it\/website\/wp-json\/wp\/v2\/posts\/6820"}],"collection":[{"href":"https:\/\/www.messinaoggi.it\/website\/wp-json\/wp\/v2\/posts"}],"about":[{"href":"https:\/\/www.messinaoggi.it\/website\/wp-json\/wp\/v2\/types\/post"}],"author":[{"embeddable":true,"href":"https:\/\/www.messinaoggi.it\/website\/wp-json\/wp\/v2\/users\/9"}],"replies":[{"embeddable":true,"href":"https:\/\/www.messinaoggi.it\/website\/wp-json\/wp\/v2\/comments?post=6820"}],"version-history":[{"count":0,"href":"https:\/\/www.messinaoggi.it\/website\/wp-json\/wp\/v2\/posts\/6820\/revisions"}],"wp:featuredmedia":[{"embeddable":true,"href":"https:\/\/www.messinaoggi.it\/website\/wp-json\/wp\/v2\/media\/6822"}],"wp:attachment":[{"href":"https:\/\/www.messinaoggi.it\/website\/wp-json\/wp\/v2\/media?parent=6820"}],"wp:term":[{"taxonomy":"category","embeddable":true,"href":"https:\/\/www.messinaoggi.it\/website\/wp-json\/wp\/v2\/categories?post=6820"},{"taxonomy":"post_tag","embeddable":true,"href":"https:\/\/www.messinaoggi.it\/website\/wp-json\/wp\/v2\/tags?post=6820"}],"curies":[{"name":"wp","href":"https:\/\/api.w.org\/{rel}","templated":true}]}}