{"id":68192,"date":"2021-06-09T18:07:39","date_gmt":"2021-06-09T16:07:39","guid":{"rendered":"https:\/\/www.messinaoggi.it\/website\/2021\/06\/09\/gravina-grande-entusiasmo-per-europei-obiettivo-semifinali\/"},"modified":"2021-06-09T18:45:07","modified_gmt":"2021-06-09T16:45:07","slug":"gravina-grande-entusiasmo-per-europei-obiettivo-semifinali","status":"publish","type":"post","link":"https:\/\/www.messinaoggi.it\/website\/2021\/06\/09\/gravina-grande-entusiasmo-per-europei-obiettivo-semifinali\/","title":{"rendered":"Gravina \u201cGrande entusiasmo per Europei, obiettivo semifinali\u201d"},"content":{"rendered":"<div>ROMA (ITALPRESS) &#8211; &#8220;La maglia azzurra \u00e8 il Paese, non \u00e8 una<br \/>squadra di calcio. Una nazione intera si identifica in quel<br \/>colore. Tutti insieme possiamo spingere la nazionale. Ai<br \/>calciatori non dir\u00f2 nulla, non ho parole da dire. Sanno benissimo<br \/>qual \u00e8 l&#8217;obiettivo e cosa si aspettano gli italiani&#8221;. Lo ha detto il presidente della Figc, Gabriele Gravina, al termine del<br \/>consiglio federale che si \u00e8 svolto a &#8220;Casa Azzurri&#8221; a due giorni dal via degli Europei. &#8220;Ho solo una preoccupazione &#8211; ha spiegato il numero uno della Figc &#8211; \u00e8 straordinario questo entusiasmo, forse un p\u00f2 troppo. Noi italiani abbiamo fatto grandi risultati quando c&#8217;erano tante nuvole. Il cielo \u00e8 sereno e speriamo resti tale. Non ho scaramanzie particolari, ho una cosa che voglio tenere per me e non la dico. Dovevamo confrontarci con delle situazioni generali del Paese che non offrivano prospettive tranquille. Portare l&#8217;Europeo a Roma \u00e8 stato difficile, ma abbiamo superato le criticit\u00e0 brillantemente. Ringrazio la disponibilit\u00e0 del ministro Speranza e quella del nostro governo che ci permetter\u00e0 di vivere un evento mondiale&#8221;, ha proseguito Gravina. &#8220;La partecipazione del pubblico rappresenter\u00e0 un messaggio di ripartenza che diventa realt\u00e0. Obiettivo minimo? Lo abbiamo gi\u00e0 raggiunto: abbiamo generato entusiasmo, quindi abbiamo gi\u00e0 vinto. Arrivare fino in fondo sar\u00e0 difficile, l&#8217;augurio \u00e8 prendere un aereo e andare a Wembley. Ma non per fare un quarto di finale. La nostra idea \u00e8 quella di fermarci un p\u00f2 di tempo in Inghilterra per giocarci dalle semifinali in avanti&#8221;. <br \/>(ITALPRESS).<\/div>\n<div id=\"div-gpt-ad-Messinaoggi.it-DSK-300x250-corpoart\" style=\"text-align:center;margin:0 auto;\"><\/div><\/p><div id=\"videoincontent\" style=\"clear:both\";><\/div>","protected":false},"excerpt":{"rendered":"<p>ROMA (ITALPRESS) &#8211; &#8220;La maglia azzurra \u00e8 il Paese, non \u00e8 unasquadra di calcio. Una nazione intera si identifica in quelcolore. Tutti insieme possiamo spingere la nazionale. Aicalciatori non dir\u00f2 nulla, non ho parole da dire. Sanno benissimoqual \u00e8 l&#8217;obiettivo e cosa si aspettano gli italiani&#8221;. Lo ha detto il presidente della Figc, Gabriele Gravina, [&hellip;]<\/p>\n","protected":false},"author":18,"featured_media":68193,"comment_status":"closed","ping_status":"closed","sticky":false,"template":"","format":"standard","meta":{"ub_ctt_via":"","_mi_skip_tracking":false},"categories":[10,446,9],"tags":[783],"featured_image_src":"https:\/\/www.messinaoggi.it\/website\/wp-content\/uploads\/2021\/06\/20210609_1814.jpg","author_info":{"display_name":"Admin","author_link":"https:\/\/www.messinaoggi.it\/website\/author\/admin\/"},"digistream_id":0,"digistream":false,"_links":{"self":[{"href":"https:\/\/www.messinaoggi.it\/website\/wp-json\/wp\/v2\/posts\/68192"}],"collection":[{"href":"https:\/\/www.messinaoggi.it\/website\/wp-json\/wp\/v2\/posts"}],"about":[{"href":"https:\/\/www.messinaoggi.it\/website\/wp-json\/wp\/v2\/types\/post"}],"author":[{"embeddable":true,"href":"https:\/\/www.messinaoggi.it\/website\/wp-json\/wp\/v2\/users\/18"}],"replies":[{"embeddable":true,"href":"https:\/\/www.messinaoggi.it\/website\/wp-json\/wp\/v2\/comments?post=68192"}],"version-history":[{"count":1,"href":"https:\/\/www.messinaoggi.it\/website\/wp-json\/wp\/v2\/posts\/68192\/revisions"}],"predecessor-version":[{"id":68219,"href":"https:\/\/www.messinaoggi.it\/website\/wp-json\/wp\/v2\/posts\/68192\/revisions\/68219"}],"wp:featuredmedia":[{"embeddable":true,"href":"https:\/\/www.messinaoggi.it\/website\/wp-json\/wp\/v2\/media\/68193"}],"wp:attachment":[{"href":"https:\/\/www.messinaoggi.it\/website\/wp-json\/wp\/v2\/media?parent=68192"}],"wp:term":[{"taxonomy":"category","embeddable":true,"href":"https:\/\/www.messinaoggi.it\/website\/wp-json\/wp\/v2\/categories?post=68192"},{"taxonomy":"post_tag","embeddable":true,"href":"https:\/\/www.messinaoggi.it\/website\/wp-json\/wp\/v2\/tags?post=68192"}],"curies":[{"name":"wp","href":"https:\/\/api.w.org\/{rel}","templated":true}]}}