{"id":68171,"date":"2021-06-10T15:15:40","date_gmt":"2021-06-10T13:15:40","guid":{"rendered":"http:\/\/www.messinaoggi.it\/website\/?p=68171"},"modified":"2021-06-09T15:23:48","modified_gmt":"2021-06-09T13:23:48","slug":"completamento-sp-43-bis-panoramica-dello-stretto-tratto-granatari-mortelle","status":"publish","type":"post","link":"https:\/\/www.messinaoggi.it\/website\/2021\/06\/10\/completamento-sp-43-bis-panoramica-dello-stretto-tratto-granatari-mortelle\/","title":{"rendered":"Completamento Sp 43 bis Panoramica dello Stretto tratto Granatari-Mortelle"},"content":{"rendered":"\n<p>Sono stati affidati i servizi tecnici di architettura e ingegneria<br>attinenti alla progettazione di fattibilit\u00e0 tecnica ed economica,<br>definitiva ed esecutiva per il \u201cCompletamento della Sp Panoramica dello<br>Stretto, tratto Granatari \u2013 Mortelle, nel Comune di Messina\u201d.<br>La\u00a0 sicurezza e la vivibilit\u00e0 della zona nord sono al centro dell\u2019azione<br>amministrativa del Sindaco Metropolitano dott. Cateno De Luca che punta,<br>in questo frangente, a risolvere la congestione del traffico e la<br>conseguente difficolt\u00e0 di collegamento con la Citt\u00e0 e verso le frazioni<br>del comune di Messina, da \u201cContemplazione\u201d a Gesso.<br>La progettazione del completamento della \u201cPanoramica dello Stretto\u201d,<br>interamente finanziata con fondi statali, \u00e8 stata affidata al<br>costituendo RTP SIA Studio ingegneria ed Architettura e Associati con il<br>ribasso del 56,1524% per un importo complessivo di \u20ac 128.685,99<br>(comprensivo di \u20ac 93.798,97 importo netto contrattuale e \u20ac 34.887,02 per<br>somme a disposizione).<div id=\"div-gpt-ad-Messinaoggi.it-DSK-300x250-corpoart\" style=\"text-align:center;margin:0 auto;\"><\/div><\/p>\n\n\n\n<p>L\u2019obiettivo che l\u2019Amministrazione De Luca intende raggiungere \u00e8 quello di completare il tracciato della \u201cPanoramica dello stretto\u201d sino alla Ss<br>113 attraverso un adeguato collegamento a partire dalla rotonda di<br>Granatari.<div id=\"videoincontent\" style=\"clear:both\";><\/div><\/p>\n\n\n\n<p>L\u2019opera, come evidenziato dal Documento di indirizzo progettazione (DIP)<br>redatto dal geologo Francesco Roccaforte, produrr\u00e0 rilevanti<br>benefici per il tessuto urbano della\u00a0 zona\u00a0 nord\u00a0 che sar\u00e0 dotata di<br>un\u2019alternativa\u00a0 alla litoranea, con conseguente velocizzazione del<br>flusso\u00a0 viario in\u00a0 direzione\u00a0 del\u00a0 centro\u00a0 cittadino e verso gli<br>imbocchi autostradali.<br>L\u2019incarico assegnato al raggruppamento temporaneo di professionisti\u00a0<br>comporter\u00e0 oltre alla progettazione dell\u2019intervento anche l\u2019espletamento<br>di numerose attivit\u00e0 di supporto quali rilievi, indagini e prove di<br>laboratorio. Nella prestazione professionale sono altres\u00ec comprese le<br>attivit\u00e0 per rilievi topografici, l\u2019esecuzione di saggi, indagini<br>geognostiche, prelievi\u00a0 di\u00a0 campioni,\u00a0 analisi\u00a0 di laboratorio\u00a0 ed ogni<br>altra attivit\u00e0 utile per la formulazione del lavoro.<\/p>\n\n\n\n<p>La progettazione verr\u00e0 eseguita secondo una tempistica di 30\/45 giorni<br>in base alle tipologie di elaborati e al cronoprogramma richiesto dalla<br>Citt\u00e0 Metropolitana di Messina.<\/p>\n","protected":false},"excerpt":{"rendered":"<p>Sono stati affidati i servizi tecnici di architettura e ingegneriaattinenti alla progettazione di fattibilit\u00e0 tecnica ed economica,definitiva ed esecutiva per il \u201cCompletamento della Sp Panoramica delloStretto, tratto Granatari \u2013 Mortelle, nel Comune di Messina\u201d.La\u00a0 sicurezza e la vivibilit\u00e0 della zona nord sono al centro dell\u2019azioneamministrativa del Sindaco Metropolitano dott. Cateno De Luca che punta,in questo [&hellip;]<\/p>\n","protected":false},"author":4,"featured_media":68172,"comment_status":"open","ping_status":"open","sticky":false,"template":"","format":"standard","meta":{"ub_ctt_via":"","_mi_skip_tracking":false},"categories":[5],"tags":[],"featured_image_src":"https:\/\/www.messinaoggi.it\/website\/wp-content\/uploads\/2021\/06\/SP-43-BIS-MORTELLE-GRANATARI-2.jpg","author_info":{"display_name":"redme","author_link":"https:\/\/www.messinaoggi.it\/website\/author\/redme\/"},"digistream_id":0,"digistream":false,"_links":{"self":[{"href":"https:\/\/www.messinaoggi.it\/website\/wp-json\/wp\/v2\/posts\/68171"}],"collection":[{"href":"https:\/\/www.messinaoggi.it\/website\/wp-json\/wp\/v2\/posts"}],"about":[{"href":"https:\/\/www.messinaoggi.it\/website\/wp-json\/wp\/v2\/types\/post"}],"author":[{"embeddable":true,"href":"https:\/\/www.messinaoggi.it\/website\/wp-json\/wp\/v2\/users\/4"}],"replies":[{"embeddable":true,"href":"https:\/\/www.messinaoggi.it\/website\/wp-json\/wp\/v2\/comments?post=68171"}],"version-history":[{"count":1,"href":"https:\/\/www.messinaoggi.it\/website\/wp-json\/wp\/v2\/posts\/68171\/revisions"}],"predecessor-version":[{"id":68173,"href":"https:\/\/www.messinaoggi.it\/website\/wp-json\/wp\/v2\/posts\/68171\/revisions\/68173"}],"wp:featuredmedia":[{"embeddable":true,"href":"https:\/\/www.messinaoggi.it\/website\/wp-json\/wp\/v2\/media\/68172"}],"wp:attachment":[{"href":"https:\/\/www.messinaoggi.it\/website\/wp-json\/wp\/v2\/media?parent=68171"}],"wp:term":[{"taxonomy":"category","embeddable":true,"href":"https:\/\/www.messinaoggi.it\/website\/wp-json\/wp\/v2\/categories?post=68171"},{"taxonomy":"post_tag","embeddable":true,"href":"https:\/\/www.messinaoggi.it\/website\/wp-json\/wp\/v2\/tags?post=68171"}],"curies":[{"name":"wp","href":"https:\/\/api.w.org\/{rel}","templated":true}]}}