{"id":6817,"date":"2017-08-25T23:39:47","date_gmt":"2017-08-25T21:39:47","guid":{"rendered":"http:\/\/www.messinaoggi.it\/website\/?p=6817"},"modified":"2017-08-25T23:39:47","modified_gmt":"2017-08-25T21:39:47","slug":"coppa-italia-deccellenza-i-18-convocati-del-pistunina-ospite-domani-del-camaro","status":"publish","type":"post","link":"https:\/\/www.messinaoggi.it\/website\/2017\/08\/25\/coppa-italia-deccellenza-i-18-convocati-del-pistunina-ospite-domani-del-camaro\/","title":{"rendered":"Coppa Italia d&#039;Eccellenza, i 18 convocati del Pistunina ospite domani del Camaro"},"content":{"rendered":"<div style=\"text-align: justify\">\nC&#8217;\u00e8 curiosit\u00e0 attorno al nuovo Pistunina che domani, al &#8220;Marullo&#8221; di Bisconte, campo del Camaro, disputer\u00e0 la prima gara ufficiale della stagione 2017\/18 valida per il primo turno della Coppa Italia d&#8217;Eccellenza. Subito un &#8220;battesimo&#8221; impegnativo per i &#8220;leoni&#8221;, quindi, sotto forma di derby in casa di una societ\u00e0 amica come quella neroverde: basti pensare ai tanti ex Camaro, come il difensore Andrea Puzone, che ha\u00a0giocato\u00a0sia con l&#8217;attuale che con la precedente societ\u00e0;\u00a0oppure ai giovani\u00a0Ruben Colucci (ottenuto\u00a0a titolo temporaneo\u00a0da qualche settimana) e\u00a0Keita Pa&#8217; (riscattato quest&#8217;estate dal Pistunina dopo il prestito della passata stagione).<br \/>\nPer non parlare del centrocampista Ninuzzo Fonti, i cui trascorsi al Camaro risalgono per\u00f2 ad oltre quindici anni addietro, ai tempi del club governato dalla famiglia Chiofalo e con i colori sociali giallobl\u00f9, ma anche di Roberto Casella (attaccante nonch\u00e9 preparatore atletico) che per\u00f2 non ci sar\u00e0 in quanto fuori sede per impegni di lavoro. Un&#8217;assenza di un certo rilievo per il tecnico Raciti, che pu\u00f2 comunque disporre di varie soluzioni offensive tra cui Minissale e Damiano Lo Giudice, quest&#8217;ultimo gi\u00f9 dimostratosi potenzialmente in grado di fare la differenza. Indisponibili anche i due ultimi acquisti Mazzullo e Maggioloti.<br \/>\n<div id=\"attachment_6826\" style=\"width: 212px\" class=\"wp-caption alignleft\"><img aria-describedby=\"caption-attachment-6826\" loading=\"lazy\" class=\"size-medium wp-image-6826\" src=\"http:\/\/www.messinaoggi.it\/website\/wp-content\/uploads\/2017\/08\/Arena-Enrico-202x300.jpg\" alt=\"\" width=\"202\" height=\"300\" \/><p id=\"caption-attachment-6826\" class=\"wp-caption-text\">Enrico Arena (Foto Roberto Santoro)<\/p><\/div><br \/>\nUn Pistunina nuovo in diversi effettivi, conscio di essere tuttora in rodaggio e di affrontare un Camaro pi\u00f9 avanti nella preparazione, ma che comunque a partire dal 3 agosto si \u00e8 comunque allenato con buona intensit\u00e0, disputando ben tre amichevoli di fila (da venerd\u00ec a domenica scorsi, contro Gescal, Messina Sud e Licata,),\u00a0sperimentando i moduli 4-3-3\u00a0e soprattutto il 4-2-3-1,\u00a0e che se la vuole giocare sino in fondo in attesa di completare definitivamente\u00a0l&#8217;organico.<br \/>\nEcco di seguito la lista dei 18 convocati, con raduno fissato in mattinata al <a href=\"https:\/\/www.facebook.com\/Grecale-250067391861795\/?fref=mentions\">Grecale<\/a>, noto locale della riviera nord messinese e sponsor gastronomico dell&#8217;Usd Pistunina)<br \/>\n<strong>Portieri<\/strong>: Fazio, Zullo.<br \/>\n<strong>Difensori<\/strong>: Sergi, Arena, D&#8217;Angelo (ex Igea), Chiglien, Miduri, Puzone, Scarf\u00ec.<br \/>\n<strong>Centrocampisti:<\/strong> Caldore, Colucci, Fonti, Keita, Sylla<br \/>\n<strong>Attaccanti:<\/strong> Buscema, Ghartey, Lo Giudice e Minissale.\n<\/div>\n<div style=\"text-align: justify\"><strong>Nella foto di Roberto Santoro, Seb\u00a0Caldore, Gaetano Chiglien e Andrea Puzone<\/strong><\/div>\n<p> <div id=\"div-gpt-ad-Messinaoggi.it-DSK-300x250-corpoart\" style=\"text-align:center;margin:0 auto;\"><\/div><\/p>\n<div id=\"videoincontent\" style=\"clear:both\";><\/div>","protected":false},"excerpt":{"rendered":"<p>C&#8217;\u00e8 curiosit\u00e0 attorno al nuovo Pistunina che domani, al &#8220;Marullo&#8221; di Bisconte, campo del Camaro, disputer\u00e0 la prima gara ufficiale della stagione 2017\/18 valida per il primo turno della Coppa Italia d&#8217;Eccellenza. Subito un &#8220;battesimo&#8221; impegnativo per i &#8220;leoni&#8221;, quindi, sotto forma di derby in casa di una societ\u00e0 amica come quella neroverde: basti pensare [&hellip;]<\/p>\n","protected":false},"author":9,"featured_media":6818,"comment_status":"closed","ping_status":"open","sticky":false,"template":"","format":"standard","meta":{"ub_ctt_via":"","_mi_skip_tracking":false},"categories":[10,9],"tags":[],"featured_image_src":"https:\/\/www.messinaoggi.it\/website\/wp-content\/uploads\/2017\/08\/Caldore-Chiglien-Puzone-2.jpg","author_info":{"display_name":"Roberto Santoro","author_link":"https:\/\/www.messinaoggi.it\/website\/author\/r-santoro\/"},"digistream_id":0,"digistream":false,"_links":{"self":[{"href":"https:\/\/www.messinaoggi.it\/website\/wp-json\/wp\/v2\/posts\/6817"}],"collection":[{"href":"https:\/\/www.messinaoggi.it\/website\/wp-json\/wp\/v2\/posts"}],"about":[{"href":"https:\/\/www.messinaoggi.it\/website\/wp-json\/wp\/v2\/types\/post"}],"author":[{"embeddable":true,"href":"https:\/\/www.messinaoggi.it\/website\/wp-json\/wp\/v2\/users\/9"}],"replies":[{"embeddable":true,"href":"https:\/\/www.messinaoggi.it\/website\/wp-json\/wp\/v2\/comments?post=6817"}],"version-history":[{"count":0,"href":"https:\/\/www.messinaoggi.it\/website\/wp-json\/wp\/v2\/posts\/6817\/revisions"}],"wp:featuredmedia":[{"embeddable":true,"href":"https:\/\/www.messinaoggi.it\/website\/wp-json\/wp\/v2\/media\/6818"}],"wp:attachment":[{"href":"https:\/\/www.messinaoggi.it\/website\/wp-json\/wp\/v2\/media?parent=6817"}],"wp:term":[{"taxonomy":"category","embeddable":true,"href":"https:\/\/www.messinaoggi.it\/website\/wp-json\/wp\/v2\/categories?post=6817"},{"taxonomy":"post_tag","embeddable":true,"href":"https:\/\/www.messinaoggi.it\/website\/wp-json\/wp\/v2\/tags?post=6817"}],"curies":[{"name":"wp","href":"https:\/\/api.w.org\/{rel}","templated":true}]}}