{"id":68112,"date":"2021-06-09T11:17:28","date_gmt":"2021-06-09T09:17:28","guid":{"rendered":"http:\/\/www.messinaoggi.it\/website\/?p=68112"},"modified":"2021-06-09T11:41:28","modified_gmt":"2021-06-09T09:41:28","slug":"lultimo-romito-domani-la-presentazione-alla-chiesa-di-santa-maria-alemanna","status":"publish","type":"post","link":"https:\/\/www.messinaoggi.it\/website\/2021\/06\/09\/lultimo-romito-domani-la-presentazione-alla-chiesa-di-santa-maria-alemanna\/","title":{"rendered":"\u201cL\u2019ultimo romito\u201d: domani la presentazione alla chiesa di Santa Maria Alemanna"},"content":{"rendered":"\n<p>Sar\u00e0 presentato alle 18 e 30 di domani, gioved\u00ec 10 giugno, alla chiesa di Santa Maria Alemanna di Messina, \u201cL\u2019ultimo romito\u201d (Lithos Edizioni), libro scritto a sei mani da Diego Celi, Enzo Basso e Pino Privitera sulla storia del monaco ortodosso padre Alessio Mandanikiotis.<div id=\"div-gpt-ad-Messinaoggi.it-DSK-300x250-corpoart\" style=\"text-align:center;margin:0 auto;\"><\/div><\/p>\n\n\n\n<figure class=\"wp-block-image size-large\"><img loading=\"lazy\" width=\"1024\" height=\"728\" src=\"https:\/\/www.messinaoggi.it\/website\/wp-content\/uploads\/2021\/06\/c8425b40-01cc-450f-85b3-0dbef9a6ec88-1024x728.jpg\" alt=\"\" class=\"wp-image-68113\" srcset=\"https:\/\/www.messinaoggi.it\/website\/wp-content\/uploads\/2021\/06\/c8425b40-01cc-450f-85b3-0dbef9a6ec88-1024x728.jpg 1024w, https:\/\/www.messinaoggi.it\/website\/wp-content\/uploads\/2021\/06\/c8425b40-01cc-450f-85b3-0dbef9a6ec88-300x213.jpg 300w, https:\/\/www.messinaoggi.it\/website\/wp-content\/uploads\/2021\/06\/c8425b40-01cc-450f-85b3-0dbef9a6ec88-768x546.jpg 768w, https:\/\/www.messinaoggi.it\/website\/wp-content\/uploads\/2021\/06\/c8425b40-01cc-450f-85b3-0dbef9a6ec88-1536x1092.jpg 1536w, https:\/\/www.messinaoggi.it\/website\/wp-content\/uploads\/2021\/06\/c8425b40-01cc-450f-85b3-0dbef9a6ec88-310x220.jpg 310w, https:\/\/www.messinaoggi.it\/website\/wp-content\/uploads\/2021\/06\/c8425b40-01cc-450f-85b3-0dbef9a6ec88.jpg 1600w\" sizes=\"(max-width: 1024px) 100vw, 1024px\" \/><\/figure>\n\n\n\n<p>Gli autori si soffermano sulla sparizione di ogni residuo di quella che un tempo era la Cristianit\u00e0 intesa come fatto pubblico, cio\u00e8 come connessione tra istituzioni religiose e istituzioni politiche che per secoli ha caratterizzato tutti i regimi europei, sul modello dell\u2019Impero Romano.<div id=\"videoincontent\" style=\"clear:both\";><\/div><\/p>\n\n\n\n<p><strong>La sinossi dell\u2019opera.<\/strong> Padre Alessio, come tutti lo chiamano, \u00e8 un prete monaco ortodosso. Un uomo di fede e di profonda cultura, e come tutti gli uomini ha un vissuto e una storia. Vive in un eremo di un territorio, che vide un tempo la straordinaria fioritura della ascesi monastica italo-greca: l\u2019eremo della Candelora. Traduce il racconto in fascinazione, officia insieme storia e fede; vi \u00e8 nella sua parola epica ed estetica, che vengono dosate e donate con semplicit\u00e0 e chiarezza agli astanti. N\u00e9 muta copione quando il consenso diventa dissenso. Padre Alessio Mandanikiotis \u00e8 un vero jeromonaco, ma anche un intellettuale: alla sublimazione espressiva e al talento oratorio aggiunge l\u2019ironia propria di chi possiede una profonda cultura. Non vi \u00e8 in questa recitazione la maschera comica o tragica dell\u2019attore, solo una convinta e pervicace testimonianza di un mondo di cui \u00e8 epigono e apostolo.<\/p>\n\n\n\n<p>A ci\u00f2 si aggiunga l\u2019indicibile carisma che accompagna chi naviga sull\u2019onda della nostalgia, e sa evocare amori proibiti e storie rimosse, facendo leva sul fascino allusivo del rimpianto e dell\u2019eroico andare contro la corrente del tempo. Lo scritto non vuole essere una apologia del monaco. Celi, Basso e Privitera raccontano questa storia consapevoli di trattare un tema fascinoso ma non mediatico, da laici. Essi, tuttavia, vogliono suscitare una riflessione su una ferita sempre aperta che colpevolmente non vuole essere sanata: l\u2019ecumenismo incompiuto.<\/p>\n","protected":false},"excerpt":{"rendered":"<p>Sar\u00e0 presentato alle 18 e 30 di domani, gioved\u00ec 10 giugno, alla chiesa di Santa Maria Alemanna di Messina, \u201cL\u2019ultimo romito\u201d (Lithos Edizioni), libro scritto a sei mani da Diego Celi, Enzo Basso e Pino Privitera sulla storia del monaco ortodosso padre Alessio Mandanikiotis. Gli autori si soffermano sulla sparizione di ogni residuo di quella [&hellip;]<\/p>\n","protected":false},"author":8,"featured_media":68121,"comment_status":"open","ping_status":"open","sticky":false,"template":"","format":"standard","meta":{"ub_ctt_via":"","_mi_skip_tracking":false},"categories":[5],"tags":[2171,1454,2170],"featured_image_src":"https:\/\/www.messinaoggi.it\/website\/wp-content\/uploads\/2021\/06\/B6F23D10-1965-4AB6-A000-3475A818213E-e1623231499103.jpeg","author_info":{"display_name":"red..me","author_link":"https:\/\/www.messinaoggi.it\/website\/author\/redstage\/"},"digistream_id":0,"digistream":false,"_links":{"self":[{"href":"https:\/\/www.messinaoggi.it\/website\/wp-json\/wp\/v2\/posts\/68112"}],"collection":[{"href":"https:\/\/www.messinaoggi.it\/website\/wp-json\/wp\/v2\/posts"}],"about":[{"href":"https:\/\/www.messinaoggi.it\/website\/wp-json\/wp\/v2\/types\/post"}],"author":[{"embeddable":true,"href":"https:\/\/www.messinaoggi.it\/website\/wp-json\/wp\/v2\/users\/8"}],"replies":[{"embeddable":true,"href":"https:\/\/www.messinaoggi.it\/website\/wp-json\/wp\/v2\/comments?post=68112"}],"version-history":[{"count":2,"href":"https:\/\/www.messinaoggi.it\/website\/wp-json\/wp\/v2\/posts\/68112\/revisions"}],"predecessor-version":[{"id":68122,"href":"https:\/\/www.messinaoggi.it\/website\/wp-json\/wp\/v2\/posts\/68112\/revisions\/68122"}],"wp:featuredmedia":[{"embeddable":true,"href":"https:\/\/www.messinaoggi.it\/website\/wp-json\/wp\/v2\/media\/68121"}],"wp:attachment":[{"href":"https:\/\/www.messinaoggi.it\/website\/wp-json\/wp\/v2\/media?parent=68112"}],"wp:term":[{"taxonomy":"category","embeddable":true,"href":"https:\/\/www.messinaoggi.it\/website\/wp-json\/wp\/v2\/categories?post=68112"},{"taxonomy":"post_tag","embeddable":true,"href":"https:\/\/www.messinaoggi.it\/website\/wp-json\/wp\/v2\/tags?post=68112"}],"curies":[{"name":"wp","href":"https:\/\/api.w.org\/{rel}","templated":true}]}}