{"id":6806,"date":"2017-08-25T18:20:24","date_gmt":"2017-08-25T16:20:24","guid":{"rendered":"http:\/\/www.messinaoggi.it\/website\/?p=6806"},"modified":"2017-08-25T18:20:24","modified_gmt":"2017-08-25T16:20:24","slug":"caso-vullo-uil-fpl-e-anaao-denunciano-crocetta-e-gucciardi","status":"publish","type":"post","link":"https:\/\/www.messinaoggi.it\/website\/2017\/08\/25\/caso-vullo-uil-fpl-e-anaao-denunciano-crocetta-e-gucciardi\/","title":{"rendered":"Caso Vullo, Uil-Fpl e Anaao denunciano Crocetta e Gucciardi"},"content":{"rendered":"<p>Pippo Calapai e Mario Macr\u00ec rispettivamente segretario generale e responsabile Area medica della Uil-Fpl Messina, e Pietro Pata, segretario generale di Anaao-Assomed, questa mattina attraverso il proprio legale hanno presentato un esposto-denuncia alle Procure di Messina e Palermo contro la nomina di Michele Vullo, quale commissario del Policlinico di Messina. Nomina deliberata ieri dalla Giunta regionale siciliana.<br \/>\nI sindacalisti hanno segnalato inoltre \u201cla conclamata situazione di illegittimit\u00e0 dei precedenti incarichi conferiti a Michele Vullo. E\u2019 stato disatteso \u2013 si legge nell\u2019esposto \u2013 in particolare da parte del manager, il disposto dell\u2019articolo 3\/bis, comma 3, della legge 502\/92, stante che lo stesso, anteriormente alla sua iscrizione all\u2019Albo regionale non risultava aver precedentemente, per almeno 5 anni, incarichi dirigenziali di tipo tecnico-amministrativo, in Enti, aziende, strutture pubbliche o private, con autonomia gestionale e diretta responsabilit\u00e0 delle risorse umane, tecniche o finanziarie.<br \/>\nAbbiamo documentato, invece, e pubblicato gli atti che attraverso gli organi di stampa, che i 5 anni che nel curriculum di Vullo, vengono riportati come avvenuto svolgimento di incarico di Unit\u00e0 Operativa Complessa, altro non sono, invece, che semplicemente incarichi di consulenza (politico-sindacale), presso l\u2019ospedale Santobono-Pausillipon di Napoli che lo stesso Vullo aveva presentato mentre si trova ancora inquadrato nei ruoli dell\u2019amministrazione sanitaria con il profilo di \u2018infermiere\u2019 professionale.<br \/>\nIn tutta questa vicenda \u00e8 del tutto indicativo il fatto che, dopo queste affermazioni, sempre puntualmente ripresi dagli organi di stampa, Vullo non ha mai sporto alcuna querela nei nostri confronti e ci\u00f2, perch\u00e9 non si pu\u00f2 querelare chi dice la verit\u00e0\u201d.<br \/>\nNell\u2019esposto, poi, si punta l\u2019indice contro il governatore Rosario Crocetta e l\u2019assessore alla Salute Pubblica, Baldo Gucciardi. \u201cCon ulteriore diffida del 10\/6\/2017, ritenendolo doveroso abbiamo intimato al presidente pro-tempore della Regione siciliana e all\u2019assessore alla Salute, di procedere ai sensi dell\u2019articolo 75 del Dpr 445\/2000, alla conseguente revoca dei benefici ottenuti da Vullo sulla base delle proprie dichiarazioni mendaci. Pur messi di fronte alla chiara evidenza dei fatti, gli stessi non hanno adottato alcun tipo di provvedimento ed hanno consentito a Michele Vullo di rimanere al proprio posto contro ogni regola di corretta amministrazione e ad ogni principio di etica e di giustizia.<br \/>\nPer tutto questi motivi riteniamo sia ormai necessario ed improcrastinabile l\u2019intervento dell\u2019Autorit\u00e0 giudiziaria per tentare finalmente di rompere questo muro apparentemente invalicabile fatto di illegalit\u00e0 omertosa e di reti di complicit\u00e0 sotterranee che soffocano ogni principio del vivere civile e che, oltre a mettere potenzialmente a rischio la salute dei cittadini, coinvolgono gli stessi vertici istituzionali regionali, incapaci pur di fronte a situazioni di conclamata illegalit\u00e0, ad imporre il rispetto delle regole di giustizia\u201d.<br \/>\nIn conclusione Calapai, Macr\u00ec e Pata chiedono l\u2019intervento della magistratura al fine di \u201cavviare con urgenza ogni opportuna attivit\u00e0 e\/o indagine al fine di individuare ogni profilo penalmente rilevante, anche per delitti associativi a carico di tutti i soggetti che via abbiano eventualmente concorso\u201d.<div id=\"div-gpt-ad-Messinaoggi.it-DSK-300x250-corpoart\" style=\"text-align:center;margin:0 auto;\"><\/div><\/p>\n<div id=\"videoincontent\" style=\"clear:both\";><\/div>","protected":false},"excerpt":{"rendered":"<p>Pippo Calapai e Mario Macr\u00ec rispettivamente segretario generale e responsabile Area medica della Uil-Fpl Messina, e Pietro Pata, segretario generale di Anaao-Assomed, questa mattina attraverso il proprio legale hanno presentato un esposto-denuncia alle Procure di Messina e Palermo contro la nomina di Michele Vullo, quale commissario del Policlinico di Messina. Nomina deliberata ieri dalla Giunta [&hellip;]<\/p>\n","protected":false},"author":2,"featured_media":1572,"comment_status":"closed","ping_status":"open","sticky":false,"template":"","format":"standard","meta":{"ub_ctt_via":"","_mi_skip_tracking":false},"categories":[6],"tags":[],"featured_image_src":"https:\/\/www.messinaoggi.it\/website\/wp-content\/uploads\/2017\/06\/Vullo-Michele-3.jpg","author_info":{"display_name":"Redazione","author_link":"https:\/\/www.messinaoggi.it\/website\/author\/redazione\/"},"digistream_id":0,"digistream":false,"_links":{"self":[{"href":"https:\/\/www.messinaoggi.it\/website\/wp-json\/wp\/v2\/posts\/6806"}],"collection":[{"href":"https:\/\/www.messinaoggi.it\/website\/wp-json\/wp\/v2\/posts"}],"about":[{"href":"https:\/\/www.messinaoggi.it\/website\/wp-json\/wp\/v2\/types\/post"}],"author":[{"embeddable":true,"href":"https:\/\/www.messinaoggi.it\/website\/wp-json\/wp\/v2\/users\/2"}],"replies":[{"embeddable":true,"href":"https:\/\/www.messinaoggi.it\/website\/wp-json\/wp\/v2\/comments?post=6806"}],"version-history":[{"count":0,"href":"https:\/\/www.messinaoggi.it\/website\/wp-json\/wp\/v2\/posts\/6806\/revisions"}],"wp:featuredmedia":[{"embeddable":true,"href":"https:\/\/www.messinaoggi.it\/website\/wp-json\/wp\/v2\/media\/1572"}],"wp:attachment":[{"href":"https:\/\/www.messinaoggi.it\/website\/wp-json\/wp\/v2\/media?parent=6806"}],"wp:term":[{"taxonomy":"category","embeddable":true,"href":"https:\/\/www.messinaoggi.it\/website\/wp-json\/wp\/v2\/categories?post=6806"},{"taxonomy":"post_tag","embeddable":true,"href":"https:\/\/www.messinaoggi.it\/website\/wp-json\/wp\/v2\/tags?post=6806"}],"curies":[{"name":"wp","href":"https:\/\/api.w.org\/{rel}","templated":true}]}}