{"id":67984,"date":"2021-06-08T15:07:49","date_gmt":"2021-06-08T13:07:49","guid":{"rendered":"https:\/\/www.messinaoggi.it\/website\/2021\/06\/08\/florenzi-francia-favorita-ma-ci-siamo-anche-noi\/"},"modified":"2021-06-08T15:07:49","modified_gmt":"2021-06-08T13:07:49","slug":"florenzi-francia-favorita-ma-ci-siamo-anche-noi","status":"publish","type":"post","link":"https:\/\/www.messinaoggi.it\/website\/2021\/06\/08\/florenzi-francia-favorita-ma-ci-siamo-anche-noi\/","title":{"rendered":"Florenzi \u201cFrancia favorita, ma ci siamo anche noi\u201d"},"content":{"rendered":"<div>FIRENZE (ITALPRESS) &#8211; &#8220;Il giocatore pi\u00f9 forte del torneo \u00e8 Kylian Mbapp\u00e8 e lo so bene perch\u00e8 l&#8217;ho visto da vicino tutto l&#8217;anno. La Francia \u00e8 la nazionale favorita anche per il Mondiale che ha vinto nel 2018, ma vincere non \u00e8 scontato n\u00e8 facile, soprattutto in una competizione dove possono essere i dettagli a fare la differenza, ci sono altre Nazionali che possono insidiarla e tra quelle ci siamo anche noi&#8221;. Cos\u00ec l&#8217;esterno della Nazionale, Alessandro Florenzi, in conferenza stampa a tre giorni dal debutto agli Europei in programma venerd\u00ec all&#8217;Olimpico contro la Turchia. Il terzino del Psg conosce bene Mbapp\u00e8 e il calcio francese, ma ha grande fiducia negli azzurri. &#8220;Sappiamo che sar\u00e0 dura, ci sono tante squadre pronte a darsi battaglia, ma noi speriamo di fare un grande Europeo e di mettere in campo quello che stiamo provando, con l&#8217;obiettivo di dare una gioia ai nostri tifosi&#8221;, ha aggiunto Florenzi che non vede l&#8217;ora di vivere le emozioni del debutto. &#8220;Sono notti diverse rispetto a quelle di 5 anni fa, ho una gran voglia di giocare questi Europei, ci stiamo preparando al meglio e siamo veramente molto carichi per iniziare questa competizione &#8211; dice il romano -. Torneranno i tifosi, il pubblico \u00e8 mancato a tutti, in uno stadio con una capienza da 80mila spettatori, 16mila sembreranno pochi, ma per me sar\u00e0 una bella emozione tornare all&#8217;Olimpico, uno stadio che mi ha dato tanto e mi ha visto crescere, speriamo di ottenere una bella vittoria per iniziare al meglio questo cammino&#8221;. Emozioni da condividere con Daniele De Rossi che, secondo Florenzi &#8220;ha tutto per diventare un grandissimo allenatore e quando dico tutto non dico solo le basi calcistiche, ma parlo anche di empatia. Ci sono allenatori di serie A che quando entrano in sintonia coi giocatori possono anche non fare nulla di tattica. Lui \u00e8 uno che quando era calciatore ti entrava diretto nella testa per farti capire una cosa. Spero che diventi presto allenatore, essere allenati da lui sarebbe davvero figo&#8221;. L&#8217;esterno azzurro parla anche della positivit\u00e0 dello spagnolo Busquets e affronta l&#8217;argomento vaccinazioni anti-Covid. &#8220;Siamo stati sicuramente privilegiati, ma immaginate cosa sarebbe successo se ci fosse stato un positivo come \u00e8 accaduto nella Spagna. Sarebbe stato un casino e una corsa a vaccinarsi, lo dico io che non ho fatto il vaccino perch\u00e8 ho avuto il Covid&#8221;. <br \/>(ITALPRESS).<\/div>\n<div id=\"div-gpt-ad-Messinaoggi.it-DSK-300x250-corpoart\" style=\"text-align:center;margin:0 auto;\"><\/div><\/p><div id=\"videoincontent\" style=\"clear:both\";><\/div>","protected":false},"excerpt":{"rendered":"<p>FIRENZE (ITALPRESS) &#8211; &#8220;Il giocatore pi\u00f9 forte del torneo \u00e8 Kylian Mbapp\u00e8 e lo so bene perch\u00e8 l&#8217;ho visto da vicino tutto l&#8217;anno. La Francia \u00e8 la nazionale favorita anche per il Mondiale che ha vinto nel 2018, ma vincere non \u00e8 scontato n\u00e8 facile, soprattutto in una competizione dove possono essere i dettagli a [&hellip;]<\/p>\n","protected":false},"author":18,"featured_media":67985,"comment_status":"closed","ping_status":"closed","sticky":false,"template":"","format":"standard","meta":{"ub_ctt_via":"","_mi_skip_tracking":false},"categories":[446],"tags":[783],"featured_image_src":"https:\/\/www.messinaoggi.it\/website\/wp-content\/uploads\/2021\/06\/20210608_1136.jpg","author_info":{"display_name":"Admin","author_link":"https:\/\/www.messinaoggi.it\/website\/author\/admin\/"},"digistream_id":0,"digistream":false,"_links":{"self":[{"href":"https:\/\/www.messinaoggi.it\/website\/wp-json\/wp\/v2\/posts\/67984"}],"collection":[{"href":"https:\/\/www.messinaoggi.it\/website\/wp-json\/wp\/v2\/posts"}],"about":[{"href":"https:\/\/www.messinaoggi.it\/website\/wp-json\/wp\/v2\/types\/post"}],"author":[{"embeddable":true,"href":"https:\/\/www.messinaoggi.it\/website\/wp-json\/wp\/v2\/users\/18"}],"replies":[{"embeddable":true,"href":"https:\/\/www.messinaoggi.it\/website\/wp-json\/wp\/v2\/comments?post=67984"}],"version-history":[{"count":0,"href":"https:\/\/www.messinaoggi.it\/website\/wp-json\/wp\/v2\/posts\/67984\/revisions"}],"wp:featuredmedia":[{"embeddable":true,"href":"https:\/\/www.messinaoggi.it\/website\/wp-json\/wp\/v2\/media\/67985"}],"wp:attachment":[{"href":"https:\/\/www.messinaoggi.it\/website\/wp-json\/wp\/v2\/media?parent=67984"}],"wp:term":[{"taxonomy":"category","embeddable":true,"href":"https:\/\/www.messinaoggi.it\/website\/wp-json\/wp\/v2\/categories?post=67984"},{"taxonomy":"post_tag","embeddable":true,"href":"https:\/\/www.messinaoggi.it\/website\/wp-json\/wp\/v2\/tags?post=67984"}],"curies":[{"name":"wp","href":"https:\/\/api.w.org\/{rel}","templated":true}]}}