{"id":6798,"date":"2017-08-25T11:41:39","date_gmt":"2017-08-25T09:41:39","guid":{"rendered":"http:\/\/www.messinaoggi.it\/website\/?p=6798"},"modified":"2017-08-25T11:41:39","modified_gmt":"2017-08-25T09:41:39","slug":"arrestato-giovane-extracomunitario-per-aver-rubato-un-cellulare","status":"publish","type":"post","link":"https:\/\/www.messinaoggi.it\/website\/2017\/08\/25\/arrestato-giovane-extracomunitario-per-aver-rubato-un-cellulare\/","title":{"rendered":"Arrestato giovane extracomunitario per aver rubato un cellulare"},"content":{"rendered":"<p style=\"text-align: justify\" align=\"JUSTIFY\"><span style=\"font-family: Arial, serif\"><span style=\"font-size: medium\">Ha rubato il cellulare di un giovane messinese. Per questo motivo \u00e8 stato arrestato Oumar Mendy, diciannovenne nato in Gambia arrivato in Italia quest&#8217;anno. <\/span><\/span><div id=\"div-gpt-ad-Messinaoggi.it-DSK-300x250-corpoart\" style=\"text-align:center;margin:0 auto;\"><\/div><\/p>\n<p style=\"text-align: justify\" align=\"JUSTIFY\"><span style=\"font-family: Arial, serif\"><span style=\"font-size: medium\">In particolare, il telefonino \u00e8 stato rubato all\u2019interno dell\u2019autovettura del malcapitato. Quest&#8217;ultimo, avvistato in flagranza il malfattore, ha subito chiesto aiuto alla polizia che si \u00e8 prontamente mobilitata alla ricerca dell&#8217;extracomunitario. Una ricerca che ben presto si concluder\u00e0 all\u2019interno del centro di accoglienza Gasparro, nella quale risiedeva il giovane.<\/span><\/span><div id=\"videoincontent\" style=\"clear:both\";><\/div><\/p>\n<p style=\"text-align: justify\" align=\"JUSTIFY\"><span style=\"font-family: Arial, serif\"><span style=\"font-size: medium\">Ad inchiodarlo non \u00e8 stata soltanto l&#8217;accurata descrizione fornita dalla vittima, ma anche le immagini estratte da una telecamera ritraente il mezzo sul quale era stato lasciato il cellulare. Tra l&#8217;altro, l&#8217;oggetto del furto \u00e8 stato ritrovato dai poliziotti sotto un cuscino all\u2019interno di una grande stanza dove sono alloggiati parecchi immigrati.<\/span><\/span><\/p>\n<p style=\"text-align: justify\" align=\"JUSTIFY\"><span style=\"font-family: Arial, serif\"><span style=\"font-size: medium\">Nel momento dell&#8217;arresto, contrariamente a quanto era stato ammesso in occasione del suo ingresso nel territorio italiano, Mendy si \u00e8 dichiarato minorenne. Per tale motivo, polso e mano dell&#8217;uomo sono stati sottoposti a esame raggi X che ha dato un referto inequivocabile: il ragazzo ha un\u2019et\u00e0 corrispondente ai 19 anni. Pertanto, Mendy \u00e8 stato anche sottoposto in stato di libert\u00e0 vigilata per aver fornito false attestazioni sulla propria identit\u00e0. Trattenuto presso le camere di sicurezza degli Uffici di Polizia come disposto dall\u2019autorit\u00e0 giudiziaria competente questa mattinata con rito direttissimo.<\/span><\/span><\/p>\n","protected":false},"excerpt":{"rendered":"<p>Ha rubato il cellulare di un giovane messinese. Per questo motivo \u00e8 stato arrestato Oumar Mendy, diciannovenne nato in Gambia arrivato in Italia quest&#8217;anno. In particolare, il telefonino \u00e8 stato rubato all\u2019interno dell\u2019autovettura del malcapitato. Quest&#8217;ultimo, avvistato in flagranza il malfattore, ha subito chiesto aiuto alla polizia che si \u00e8 prontamente mobilitata alla ricerca dell&#8217;extracomunitario. [&hellip;]<\/p>\n","protected":false},"author":8,"featured_media":6799,"comment_status":"closed","ping_status":"open","sticky":false,"template":"","format":"standard","meta":{"ub_ctt_via":"","_mi_skip_tracking":false},"categories":[5],"tags":[],"featured_image_src":"https:\/\/www.messinaoggi.it\/website\/wp-content\/uploads\/2017\/08\/MENDY-Oumar-1-2.jpg","author_info":{"display_name":"red..me","author_link":"https:\/\/www.messinaoggi.it\/website\/author\/redstage\/"},"digistream_id":0,"digistream":false,"_links":{"self":[{"href":"https:\/\/www.messinaoggi.it\/website\/wp-json\/wp\/v2\/posts\/6798"}],"collection":[{"href":"https:\/\/www.messinaoggi.it\/website\/wp-json\/wp\/v2\/posts"}],"about":[{"href":"https:\/\/www.messinaoggi.it\/website\/wp-json\/wp\/v2\/types\/post"}],"author":[{"embeddable":true,"href":"https:\/\/www.messinaoggi.it\/website\/wp-json\/wp\/v2\/users\/8"}],"replies":[{"embeddable":true,"href":"https:\/\/www.messinaoggi.it\/website\/wp-json\/wp\/v2\/comments?post=6798"}],"version-history":[{"count":0,"href":"https:\/\/www.messinaoggi.it\/website\/wp-json\/wp\/v2\/posts\/6798\/revisions"}],"wp:featuredmedia":[{"embeddable":true,"href":"https:\/\/www.messinaoggi.it\/website\/wp-json\/wp\/v2\/media\/6799"}],"wp:attachment":[{"href":"https:\/\/www.messinaoggi.it\/website\/wp-json\/wp\/v2\/media?parent=6798"}],"wp:term":[{"taxonomy":"category","embeddable":true,"href":"https:\/\/www.messinaoggi.it\/website\/wp-json\/wp\/v2\/categories?post=6798"},{"taxonomy":"post_tag","embeddable":true,"href":"https:\/\/www.messinaoggi.it\/website\/wp-json\/wp\/v2\/tags?post=6798"}],"curies":[{"name":"wp","href":"https:\/\/api.w.org\/{rel}","templated":true}]}}