{"id":67948,"date":"2021-06-08T10:07:32","date_gmt":"2021-06-08T08:07:32","guid":{"rendered":"https:\/\/www.messinaoggi.it\/website\/2021\/06\/08\/corte-conti-ue-frontex-non-efficace-sulle-frontiere-esterne\/"},"modified":"2021-06-08T10:07:32","modified_gmt":"2021-06-08T08:07:32","slug":"corte-conti-ue-frontex-non-efficace-sulle-frontiere-esterne","status":"publish","type":"post","link":"https:\/\/www.messinaoggi.it\/website\/2021\/06\/08\/corte-conti-ue-frontex-non-efficace-sulle-frontiere-esterne\/","title":{"rendered":"Corte Conti Ue \u201cFrontex non efficace sulle frontiere esterne\u201d"},"content":{"rendered":"<div>BRUXELLES (BELGIO) (ITALPRESS) &#8211; Frontex \u00e8 stata creata nel 2004 per rispondere, insieme alle autorit\u00e0 nazionali, alle problematiche relative alle frontiere dell&#8217;UE (come il terrorismo, la tratta di essere umani e il traffico di migranti). Dalla sua creazione, il mandato dell&#8217;Agenzia si \u00e8 progressivamente ampliato, al pari della sua dotazione finanziaria (dai 19 milioni di euro del 2006 ai 460 milioni dello scorso anno). Ci\u00f2 nonostante, la Corte dei conti europea ha constatato che Frontex &#8220;non offre ancora agli Stati membri un sostegno soddisfacente nella gestione delle frontiere esterne dell&#8217;UE&#8221;.<br \/>&#8220;Le mansioni affidate a Frontex alle frontiere esterne dell&#8217;UE sono fondamentali per la lotta alla criminalit\u00e0 transfrontaliera e all&#8217;immigrazione illegale&#8221;, ha detto Leo Brincat, il membro della Corte responsabile della relazione. &#8220;Nondimeno, Frontex non le assolve attualmente con efficacia. Ci\u00f2 desta particolare preoccupazione nel momento in cui vengono conferite a questa Agenzia responsabilit\u00e0 aggiuntive&#8221;, spiega la Corte.<br \/>Nel 2016 Frontex ha ricevuto l&#8217;esplicito mandato di sostenere gli Stati membri nella lotta all&#8217;immigrazione illegale e alla criminalit\u00e0 transfrontaliera. La Corte, tuttavia, ha rilevato lacune e incoerenze nel quadro che disciplina lo scambio delle informazioni, il che ostacola la capacit\u00e0 di Frontex e degli Stati membri di monitorare le frontiere esterne e di reagire quando necessario. Inoltre, le attivit\u00e0 di analisi dei rischi e di valutazione delle vulnerabilit\u00e0 non sono sempre basate su dati completi e di buona qualit\u00e0. Infine, per quanto riguarda la lotta alla criminalit\u00e0 transfrontaliera, le operazioni congiunte non sono ancora sufficientemente sviluppate nelle attivit\u00e0 quotidiane di Frontex.<br \/>La Corte segnala anche la mancanza di una rendicontazione sull&#8217;efficienza e sui costi di Frontex. Quest&#8217;ultima, pur svolgendo un&#8217;estesa opera di comunicazione sulle attivit\u00e0 espletate, raramente analizza la propria performance o l&#8217;impatto di tali attivit\u00e0. N\u00e8 peraltro fornisce informazioni sul costo reale delle operazioni congiunte condotte.<br \/>La Corte ha rilevato che l&#8217;ultima valutazione esterna di Frontex \u00e8 stata pubblicata nel luglio 2015. In aggiunta, il nuovo regolamento che disciplina l&#8217;operato di Frontex, approvato nel 2019, non \u00e8 stato corroborato da alcuna valutazione preliminare. Ha per\u00f2 impresso una profonda svolta all&#8217;attivit\u00e0 dell&#8217;Agenzia, facendone evolvere la funzione di sostegno e coordinamento in un ruolo di servizio operativo. Per adempiere al nuovo mandato, Frontex conter\u00e0, nel suo organico operativo, fino a 10.000 unit\u00e0 entro il 2027 (rispetto ai 750 agenti del 2019), anche se non \u00e8 ancora chiaro se saranno in grado di operare secondo le attese.<br \/>(ITALPRESS).<\/div>\n<div id=\"div-gpt-ad-Messinaoggi.it-DSK-300x250-corpoart\" style=\"text-align:center;margin:0 auto;\"><\/div><\/p><div id=\"videoincontent\" style=\"clear:both\";><\/div>","protected":false},"excerpt":{"rendered":"<p>BRUXELLES (BELGIO) (ITALPRESS) &#8211; Frontex \u00e8 stata creata nel 2004 per rispondere, insieme alle autorit\u00e0 nazionali, alle problematiche relative alle frontiere dell&#8217;UE (come il terrorismo, la tratta di essere umani e il traffico di migranti). Dalla sua creazione, il mandato dell&#8217;Agenzia si \u00e8 progressivamente ampliato, al pari della sua dotazione finanziaria (dai 19 milioni di [&hellip;]<\/p>\n","protected":false},"author":18,"featured_media":67949,"comment_status":"closed","ping_status":"closed","sticky":false,"template":"","format":"standard","meta":{"ub_ctt_via":"","_mi_skip_tracking":false},"categories":[446],"tags":[783],"featured_image_src":"https:\/\/www.messinaoggi.it\/website\/wp-content\/uploads\/2021\/06\/20210608_0179.jpg","author_info":{"display_name":"Admin","author_link":"https:\/\/www.messinaoggi.it\/website\/author\/admin\/"},"digistream_id":0,"digistream":false,"_links":{"self":[{"href":"https:\/\/www.messinaoggi.it\/website\/wp-json\/wp\/v2\/posts\/67948"}],"collection":[{"href":"https:\/\/www.messinaoggi.it\/website\/wp-json\/wp\/v2\/posts"}],"about":[{"href":"https:\/\/www.messinaoggi.it\/website\/wp-json\/wp\/v2\/types\/post"}],"author":[{"embeddable":true,"href":"https:\/\/www.messinaoggi.it\/website\/wp-json\/wp\/v2\/users\/18"}],"replies":[{"embeddable":true,"href":"https:\/\/www.messinaoggi.it\/website\/wp-json\/wp\/v2\/comments?post=67948"}],"version-history":[{"count":0,"href":"https:\/\/www.messinaoggi.it\/website\/wp-json\/wp\/v2\/posts\/67948\/revisions"}],"wp:featuredmedia":[{"embeddable":true,"href":"https:\/\/www.messinaoggi.it\/website\/wp-json\/wp\/v2\/media\/67949"}],"wp:attachment":[{"href":"https:\/\/www.messinaoggi.it\/website\/wp-json\/wp\/v2\/media?parent=67948"}],"wp:term":[{"taxonomy":"category","embeddable":true,"href":"https:\/\/www.messinaoggi.it\/website\/wp-json\/wp\/v2\/categories?post=67948"},{"taxonomy":"post_tag","embeddable":true,"href":"https:\/\/www.messinaoggi.it\/website\/wp-json\/wp\/v2\/tags?post=67948"}],"curies":[{"name":"wp","href":"https:\/\/api.w.org\/{rel}","templated":true}]}}