{"id":67946,"date":"2021-06-08T09:51:07","date_gmt":"2021-06-08T07:51:07","guid":{"rendered":"http:\/\/www.messinaoggi.it\/website\/?p=67946"},"modified":"2021-06-08T10:16:02","modified_gmt":"2021-06-08T08:16:02","slug":"bullismo-allarme-degli-psicologi","status":"publish","type":"post","link":"https:\/\/www.messinaoggi.it\/website\/2021\/06\/08\/bullismo-allarme-degli-psicologi\/","title":{"rendered":"Bullismo, allarme degli psicologi"},"content":{"rendered":"\n<p>&#8220;Il bullismo inizia gi\u00e0 ai primi anni delle elementari e quello femminile sta prendendo il sopravvento: ragazzine invidiose che magari hanno situazioni disagiate a casa, se la prendono con chi ritengono pi\u00f9 debole o pi\u00f9 fortunato di loro. Cos\u00ec tormentano una compagna, la attaccano verbalmente e fisicamente e soprattutto cercano di isolarla, dicendo alle altre amiche di non giocare con lei&#8221;. Cos\u00ec Adelia Lucattini, psichiatra e psicoanalista della Societ\u00e0 psicoanalitica italiana (Spi) e della International psychoanalytical association (Ipa), commenta amareggiata l&#8217;omicidio-suicidio di <strong>Messina<\/strong>. &#8220;Se l&#8217;ipotesi del bullismo fosse confermata- spiega- questa vicenda sarebbe terribile. Non sottovalutate i gesti cattivi dei compagni, perch\u00e9 la cosa che oggi secondo me \u00e8 pi\u00f9 aberrante \u00e8 che la vittima di bullismo e la sua famiglia vengano lasciate sole: la scuola, gli altri genitori, tendono a minimizzare, pensando che siano scaramucce fra bambini, sottovalutando il disagio e il malessere di questi ragazzi oppure, cosa pi\u00f9 grave, cercando di insabbiare gli episodi per evitare scandali o semplicemente non avere problemi&#8221;. &#8220;Addirittura- continua- spesso non si viene creduti dagli stessi familiari, si viene considerati dei matti, come forse \u00e8 accaduto anche a <strong>Messina<\/strong>. Il fatto poi che le famiglie oggigiorno tendano sempre pi\u00f9 a prendere le difese del proprio figlio bullo, senza neanche porsi un interrogativo almeno sulla possibilit\u00e0 che ci sia qualcosa di vero, \u00e8 assolutamente inaccettabile. Ascoltate i vostri bambini e ragazzi, chiedete loro come va a scuola anche con i compagni, cercate di sapere chi sono i loro amici e chi lo sono meno, cos\u00ec magari vi racconteranno se c&#8217;\u00e8 qualcuno che d\u00e0 loro fastidio&#8221;, suggerisce la psichiatra. &#8220;Viceversa, se accusano vostro figlio di essere un bullo, cercate di capire come sono andati i fatti e domandatevi perch\u00e9 faccia cose cos\u00ec gravi. Chiedetegli che cosa prova per quel compagno, provate a fargli dire le motivazioni per cui gli sta antipatico e poi curatene le cause, magari con un esperto, uno psicoanalista o recandovi nei centri di ascolto che sono gratuiti&#8221;. &#8220;Soprattutto i bambini spesso non realizzano il perch\u00e9 di certi comportamenti- continua la psichiatra- li attuano o li subiscono ma hanno troppa poca esperienza della vita per sapere di che cosa si tratta&#8221;, sottolinea Lucattini che fa un appello alle scuole: &#8220;Andrebbero organizzate serie campagne di sensibilizzazione sin dalla primaria, per far capire ai ragazzi l&#8217;orrore e i danni di questo fenomeno e spingerli ad aiutarsi fra loro in questi casi, a denunciare agli insegnanti e a stare dalla parte delle vittime, invece di fare da &#8216;aiutanti&#8221; agli artefici dei brutti gesti e delle cattiverie perpetrati contro il malcapitato&#8221;. &#8220;Inoltre, gli episodi pi\u00f9 gravi vanno denunciati alla polizia che ha un settore apposito, perch\u00e9 il bullismo \u00e8 un reato penale perseguibile anche d&#8217;ufficio. Si tratta di un fenomeno molto grave, una triste piaga della societ\u00e0- conclude l&#8217;esperta- aiutate i vostri figli a crescere in modo sano, perch\u00e9 il mondo pu\u00f2 diventare migliore a partire dai pi\u00f9 piccoli&#8221;<div id=\"div-gpt-ad-Messinaoggi.it-DSK-300x250-corpoart\" style=\"text-align:center;margin:0 auto;\"><\/div><\/p>\n<div id=\"videoincontent\" style=\"clear:both\";><\/div>","protected":false},"excerpt":{"rendered":"<p>&#8220;Il bullismo inizia gi\u00e0 ai primi anni delle elementari e quello femminile sta prendendo il sopravvento: ragazzine invidiose che magari hanno situazioni disagiate a casa, se la prendono con chi ritengono pi\u00f9 debole o pi\u00f9 fortunato di loro. Cos\u00ec tormentano una compagna, la attaccano verbalmente e fisicamente e soprattutto cercano di isolarla, dicendo alle altre [&hellip;]<\/p>\n","protected":false},"author":2,"featured_media":47523,"comment_status":"open","ping_status":"open","sticky":false,"template":"","format":"standard","meta":{"ub_ctt_via":"","_mi_skip_tracking":false},"categories":[6],"tags":[2157,2155,2156],"featured_image_src":"https:\/\/www.messinaoggi.it\/website\/wp-content\/uploads\/2020\/09\/0E690BB1-C6B1-4ABE-9420-2007A28A277D.jpeg","author_info":{"display_name":"Redazione","author_link":"https:\/\/www.messinaoggi.it\/website\/author\/redazione\/"},"digistream_id":0,"digistream":false,"_links":{"self":[{"href":"https:\/\/www.messinaoggi.it\/website\/wp-json\/wp\/v2\/posts\/67946"}],"collection":[{"href":"https:\/\/www.messinaoggi.it\/website\/wp-json\/wp\/v2\/posts"}],"about":[{"href":"https:\/\/www.messinaoggi.it\/website\/wp-json\/wp\/v2\/types\/post"}],"author":[{"embeddable":true,"href":"https:\/\/www.messinaoggi.it\/website\/wp-json\/wp\/v2\/users\/2"}],"replies":[{"embeddable":true,"href":"https:\/\/www.messinaoggi.it\/website\/wp-json\/wp\/v2\/comments?post=67946"}],"version-history":[{"count":2,"href":"https:\/\/www.messinaoggi.it\/website\/wp-json\/wp\/v2\/posts\/67946\/revisions"}],"predecessor-version":[{"id":67952,"href":"https:\/\/www.messinaoggi.it\/website\/wp-json\/wp\/v2\/posts\/67946\/revisions\/67952"}],"wp:featuredmedia":[{"embeddable":true,"href":"https:\/\/www.messinaoggi.it\/website\/wp-json\/wp\/v2\/media\/47523"}],"wp:attachment":[{"href":"https:\/\/www.messinaoggi.it\/website\/wp-json\/wp\/v2\/media?parent=67946"}],"wp:term":[{"taxonomy":"category","embeddable":true,"href":"https:\/\/www.messinaoggi.it\/website\/wp-json\/wp\/v2\/categories?post=67946"},{"taxonomy":"post_tag","embeddable":true,"href":"https:\/\/www.messinaoggi.it\/website\/wp-json\/wp\/v2\/tags?post=67946"}],"curies":[{"name":"wp","href":"https:\/\/api.w.org\/{rel}","templated":true}]}}