{"id":67907,"date":"2021-06-07T19:54:30","date_gmt":"2021-06-07T17:54:30","guid":{"rendered":"http:\/\/www.messinaoggi.it\/website\/?p=67907"},"modified":"2021-06-07T19:55:16","modified_gmt":"2021-06-07T17:55:16","slug":"don-minico-riapre-le-danze-e-rilancia-contro-la-crisi","status":"publish","type":"post","link":"https:\/\/www.messinaoggi.it\/website\/2021\/06\/07\/don-minico-riapre-le-danze-e-rilancia-contro-la-crisi\/","title":{"rendered":"Don Minico riapre le danze e rilancia contro la crisi"},"content":{"rendered":"\n<p>Anche Paolo Mazza, erede del mitico don Minico, trascorsi i momenti duri del lockdown, con la passione di sempre, riprende le attivit\u00e0 gi\u00e0 programmate e bloccate dalla pandemia. Nell\u2019anno trascorso erano stati messi in cantiere almeno 70 eventi, giusto gli anni dell\u2019attivit\u00e0 iniziata da don Minico, con grande partecipazione di personalit\u00e0 delle Istituzioni locali e non, di artisti, di scrittori, e di giornalisti: era stato allestito un ricchissimo calendario di appuntamenti, pressoch\u00e9 quotidiani, aperto agli affezionati della pagnotta alla disgraziata, addolcita dai gelati ed alla frutta locale. Ma Paola Mazza, con instancabile entusiasmo di sempre, \u00e8 pronto per ripartire.<div id=\"div-gpt-ad-Messinaoggi.it-DSK-300x250-corpoart\" style=\"text-align:center;margin:0 auto;\"><\/div><\/p>\n\n\n\n<p>La crisi, durata oltre un anno, ha messo in ginocchio le normali attivit\u00e0 di ristorazione, e oggi, a causa dei postumi della crisi economica che ha colpito tutto il mondo economico, ha bloccato la ristorazione. Paolo Mazza \u00e8 in prima fila per ridare slancio alla storica attivit\u00e0 di cui \u00e8 erede. Nessuna preoccupazione per le imitazioni della famosa e unica pagnotta alla disgraziata, anche se qualcuno, impropriamente, nei giorni scorsi, ha osato spacciare presunte e inesistenti affiliazioni con don Minico, tentando maldestramente di appropriarsi del marchio registrato, forse per sponsorizzare\u00a0 e rilanciare attivit\u00e0 di ristorazione che nulla hanno a che vedere con la storia di don Minico.<div id=\"videoincontent\" style=\"clear:both\";><\/div><\/p>\n\n\n\n<p>Mazza rilancia: a partire dal mese di giugno e per tutti i mesi estivi saranno numerosi gli appuntamenti di grande interesse e curiosit\u00e0 che si svolgeranno nella cornice suggestiva dei colli San Rizzo, nell\u2019arena Cimarosa e che di volta in volta, saranno resi noti al pubblico con apposite comunicazioni.<\/p>\n\n\n\n<p>Da ultimo, da don Minico, \u00e8 possibile consumare tutto nel pieno rispetto delle norme anti-Covid.<\/p>\n","protected":false},"excerpt":{"rendered":"<p>Anche Paolo Mazza, erede del mitico don Minico, trascorsi i momenti duri del lockdown, con la passione di sempre, riprende le attivit\u00e0 gi\u00e0 programmate e bloccate dalla pandemia. Nell\u2019anno trascorso erano stati messi in cantiere almeno 70 eventi, giusto gli anni dell\u2019attivit\u00e0 iniziata da don Minico, con grande partecipazione di personalit\u00e0 delle Istituzioni locali e [&hellip;]<\/p>\n","protected":false},"author":4,"featured_media":67908,"comment_status":"open","ping_status":"open","sticky":false,"template":"","format":"standard","meta":{"ub_ctt_via":"","_mi_skip_tracking":false},"categories":[5],"tags":[2149],"featured_image_src":"https:\/\/www.messinaoggi.it\/website\/wp-content\/uploads\/2021\/06\/Don-Minico-riapre-le-danze.jpg","author_info":{"display_name":"redme","author_link":"https:\/\/www.messinaoggi.it\/website\/author\/redme\/"},"digistream_id":0,"digistream":false,"_links":{"self":[{"href":"https:\/\/www.messinaoggi.it\/website\/wp-json\/wp\/v2\/posts\/67907"}],"collection":[{"href":"https:\/\/www.messinaoggi.it\/website\/wp-json\/wp\/v2\/posts"}],"about":[{"href":"https:\/\/www.messinaoggi.it\/website\/wp-json\/wp\/v2\/types\/post"}],"author":[{"embeddable":true,"href":"https:\/\/www.messinaoggi.it\/website\/wp-json\/wp\/v2\/users\/4"}],"replies":[{"embeddable":true,"href":"https:\/\/www.messinaoggi.it\/website\/wp-json\/wp\/v2\/comments?post=67907"}],"version-history":[{"count":1,"href":"https:\/\/www.messinaoggi.it\/website\/wp-json\/wp\/v2\/posts\/67907\/revisions"}],"predecessor-version":[{"id":67909,"href":"https:\/\/www.messinaoggi.it\/website\/wp-json\/wp\/v2\/posts\/67907\/revisions\/67909"}],"wp:featuredmedia":[{"embeddable":true,"href":"https:\/\/www.messinaoggi.it\/website\/wp-json\/wp\/v2\/media\/67908"}],"wp:attachment":[{"href":"https:\/\/www.messinaoggi.it\/website\/wp-json\/wp\/v2\/media?parent=67907"}],"wp:term":[{"taxonomy":"category","embeddable":true,"href":"https:\/\/www.messinaoggi.it\/website\/wp-json\/wp\/v2\/categories?post=67907"},{"taxonomy":"post_tag","embeddable":true,"href":"https:\/\/www.messinaoggi.it\/website\/wp-json\/wp\/v2\/tags?post=67907"}],"curies":[{"name":"wp","href":"https:\/\/api.w.org\/{rel}","templated":true}]}}