{"id":67848,"date":"2021-06-07T14:09:20","date_gmt":"2021-06-07T12:09:20","guid":{"rendered":"http:\/\/www.messinaoggi.it\/website\/?p=67848"},"modified":"2021-06-07T14:16:58","modified_gmt":"2021-06-07T12:16:58","slug":"lega-e-la-centralita-a-milazzo-importante-incarico-per-damiano-maisano","status":"publish","type":"post","link":"https:\/\/www.messinaoggi.it\/website\/2021\/06\/07\/lega-e-la-centralita-a-milazzo-importante-incarico-per-damiano-maisano\/","title":{"rendered":"Lega e la centralit\u00e0 a Milazzo, importante incarico per Damiano Maisano"},"content":{"rendered":"\n<p>Damiano Maisano si occuper\u00e0 della segreteria tecnica della Lega per la Sicilia orientale. Lavorer\u00e0 insieme al responsabile regionale, Gabriele Scariolo-<div id=\"div-gpt-ad-Messinaoggi.it-DSK-300x250-corpoart\" style=\"text-align:center;margin:0 auto;\"><\/div><\/p>\n\n\n\n<p>Antonio Catalfamo, capogruppo all\u2019Assemblea Regionale Siciliana e coordinatore provinciale di Messina di Lega Sicilia manifesta grande soddisfazione per questa nomina,  effettuata da coordinatore regionale, onorevole Nino Minardo: \u201cE\u2019 un riconoscimento fortemente voluto dai vertici del partito per confermare la centralit\u00e0 che le istanze di Milazzo e dei milazzesi rivestono per la Lega Sicilia, e non poteva che essere Damiano la persona individuata per rappresentarle in segreteria regionale, dato l\u2019impegno che ha profuso negli ultimi anni&#8221;.<div id=\"videoincontent\" style=\"clear:both\";><\/div><\/p>\n\n\n\n<p>Sulla stessa lunghezza d\u2019onda anche il capogruppo Lega al Consiglio comunale di Milazzo Damiano Maisano: &#8220;Ringrazio per la fiducia il partito e in particolare gli onorevoli Minardo e Catalfamo. Con quest\u2019ultimo in particolare vi e\u2019 stata, vi e\u2019 e vi sar\u00e0 anche a lungo termine una costante collaborazione per portare alla Regione e in tutte le sedi istituzionali le voci del territorio.Va dato atto alla nuova dirigenza che il 2021 sta segnando un nuovo e pi\u00f9 efficace corso per la Lega in Sicilia, caratterizzato da politiche attive sempre pi\u00f9 calzanti rispetto alle attuali convergenze che vive la nostra terra e da un incredibile numero di nuove adesioni al partito che da queste conseguono in modo naturale. Ecco perch\u00e9 questo nuovo incarico mi riempie di eccezionale orgoglio ed entusiasmo.<\/p>\n\n\n\n<p>A Milazzo &#8211; conclude &#8211; la strada intrapresa e\u2019 quella di un\u2019opposizione responsabile e seria alla attuale amministrazione, passando dal coinvolgimento della nostra base, della societ\u00e0 civile e delle professionalit\u00e0 che il partito a Milazzo pu\u00f2 onorarsi di annoverare, il che si tradurr\u00e0, a brevissimo, in un nuovo assetto organizzativo cittadino che ufficializzeremo insieme all\u2019on. Catalfamo e che certamente esalter\u00e0 il concetto di lavoro di squadra che sempre ci ha contraddistinto&#8221;.<\/p>\n","protected":false},"excerpt":{"rendered":"<p>Damiano Maisano si occuper\u00e0 della segreteria tecnica della Lega per la Sicilia orientale. Lavorer\u00e0 insieme al responsabile regionale, Gabriele Scariolo- Antonio Catalfamo, capogruppo all\u2019Assemblea Regionale Siciliana e coordinatore provinciale di Messina di Lega Sicilia manifesta grande soddisfazione per questa nomina, effettuata da coordinatore regionale, onorevole Nino Minardo: \u201cE\u2019 un riconoscimento fortemente voluto dai vertici del [&hellip;]<\/p>\n","protected":false},"author":4,"featured_media":67849,"comment_status":"open","ping_status":"open","sticky":false,"template":"","format":"standard","meta":{"ub_ctt_via":"","_mi_skip_tracking":false},"categories":[13,14],"tags":[719],"featured_image_src":"https:\/\/www.messinaoggi.it\/website\/wp-content\/uploads\/2021\/06\/maisano-e-minardo-lega.jpg","author_info":{"display_name":"redme","author_link":"https:\/\/www.messinaoggi.it\/website\/author\/redme\/"},"digistream_id":0,"digistream":false,"_links":{"self":[{"href":"https:\/\/www.messinaoggi.it\/website\/wp-json\/wp\/v2\/posts\/67848"}],"collection":[{"href":"https:\/\/www.messinaoggi.it\/website\/wp-json\/wp\/v2\/posts"}],"about":[{"href":"https:\/\/www.messinaoggi.it\/website\/wp-json\/wp\/v2\/types\/post"}],"author":[{"embeddable":true,"href":"https:\/\/www.messinaoggi.it\/website\/wp-json\/wp\/v2\/users\/4"}],"replies":[{"embeddable":true,"href":"https:\/\/www.messinaoggi.it\/website\/wp-json\/wp\/v2\/comments?post=67848"}],"version-history":[{"count":2,"href":"https:\/\/www.messinaoggi.it\/website\/wp-json\/wp\/v2\/posts\/67848\/revisions"}],"predecessor-version":[{"id":67854,"href":"https:\/\/www.messinaoggi.it\/website\/wp-json\/wp\/v2\/posts\/67848\/revisions\/67854"}],"wp:featuredmedia":[{"embeddable":true,"href":"https:\/\/www.messinaoggi.it\/website\/wp-json\/wp\/v2\/media\/67849"}],"wp:attachment":[{"href":"https:\/\/www.messinaoggi.it\/website\/wp-json\/wp\/v2\/media?parent=67848"}],"wp:term":[{"taxonomy":"category","embeddable":true,"href":"https:\/\/www.messinaoggi.it\/website\/wp-json\/wp\/v2\/categories?post=67848"},{"taxonomy":"post_tag","embeddable":true,"href":"https:\/\/www.messinaoggi.it\/website\/wp-json\/wp\/v2\/tags?post=67848"}],"curies":[{"name":"wp","href":"https:\/\/api.w.org\/{rel}","templated":true}]}}