{"id":67844,"date":"2021-06-07T13:07:32","date_gmt":"2021-06-07T11:07:32","guid":{"rendered":"https:\/\/www.messinaoggi.it\/website\/2021\/06\/07\/orlando-entro-fine-mese-la-riforma-degli-ammortizzatori-sociali\/"},"modified":"2021-06-07T13:07:32","modified_gmt":"2021-06-07T11:07:32","slug":"orlando-entro-fine-mese-la-riforma-degli-ammortizzatori-sociali","status":"publish","type":"post","link":"https:\/\/www.messinaoggi.it\/website\/2021\/06\/07\/orlando-entro-fine-mese-la-riforma-degli-ammortizzatori-sociali\/","title":{"rendered":"Orlando \u201cEntro fine mese la riforma degli ammortizzatori sociali\u201d"},"content":{"rendered":"<div>BOLOGNA (ITALPRESS) &#8211; &#8220;La riforma degli ammortizzatori sociali sar\u00e0 pronta per la fine di questo mese. Ora faremo ancora un passaggio con il lavoro autonomo e i professionisti per arrivare a una stretta finale alla fine del mese. Sar\u00e0, io credo, una riforma molto importante ed utile per affrontare i mesi che avremo di fronte e dovr\u00e0 essere sempre pi\u00f9 legata al tema delle politiche attive e della formazione&#8221;. Cos\u00ec il ministro del Lavoro Andrea Orlando, a margine della sua visita ad alcune aziende nel Bolognese.<br \/>Riguardo al blocco dei licenziamenti, &#8220;da subito ho indicato la strada della selettivit\u00e0 sulla quale confrontarsi e riflettere, vedremo quali saranno i risultati&#8221;, ha spiegato il ministro.<br \/>(ITALPRESS).<\/div>\n<div id=\"div-gpt-ad-Messinaoggi.it-DSK-300x250-corpoart\" style=\"text-align:center;margin:0 auto;\"><\/div><\/p><div id=\"videoincontent\" style=\"clear:both\";><\/div>","protected":false},"excerpt":{"rendered":"<p>BOLOGNA (ITALPRESS) &#8211; &#8220;La riforma degli ammortizzatori sociali sar\u00e0 pronta per la fine di questo mese. Ora faremo ancora un passaggio con il lavoro autonomo e i professionisti per arrivare a una stretta finale alla fine del mese. Sar\u00e0, io credo, una riforma molto importante ed utile per affrontare i mesi che avremo di fronte [&hellip;]<\/p>\n","protected":false},"author":18,"featured_media":67845,"comment_status":"closed","ping_status":"closed","sticky":false,"template":"","format":"standard","meta":{"ub_ctt_via":"","_mi_skip_tracking":false},"categories":[446],"tags":[783],"featured_image_src":"https:\/\/www.messinaoggi.it\/website\/wp-content\/uploads\/2021\/06\/20210607_0726.jpg","author_info":{"display_name":"Admin","author_link":"https:\/\/www.messinaoggi.it\/website\/author\/admin\/"},"digistream_id":0,"digistream":false,"_links":{"self":[{"href":"https:\/\/www.messinaoggi.it\/website\/wp-json\/wp\/v2\/posts\/67844"}],"collection":[{"href":"https:\/\/www.messinaoggi.it\/website\/wp-json\/wp\/v2\/posts"}],"about":[{"href":"https:\/\/www.messinaoggi.it\/website\/wp-json\/wp\/v2\/types\/post"}],"author":[{"embeddable":true,"href":"https:\/\/www.messinaoggi.it\/website\/wp-json\/wp\/v2\/users\/18"}],"replies":[{"embeddable":true,"href":"https:\/\/www.messinaoggi.it\/website\/wp-json\/wp\/v2\/comments?post=67844"}],"version-history":[{"count":0,"href":"https:\/\/www.messinaoggi.it\/website\/wp-json\/wp\/v2\/posts\/67844\/revisions"}],"wp:featuredmedia":[{"embeddable":true,"href":"https:\/\/www.messinaoggi.it\/website\/wp-json\/wp\/v2\/media\/67845"}],"wp:attachment":[{"href":"https:\/\/www.messinaoggi.it\/website\/wp-json\/wp\/v2\/media?parent=67844"}],"wp:term":[{"taxonomy":"category","embeddable":true,"href":"https:\/\/www.messinaoggi.it\/website\/wp-json\/wp\/v2\/categories?post=67844"},{"taxonomy":"post_tag","embeddable":true,"href":"https:\/\/www.messinaoggi.it\/website\/wp-json\/wp\/v2\/tags?post=67844"}],"curies":[{"name":"wp","href":"https:\/\/api.w.org\/{rel}","templated":true}]}}