{"id":67525,"date":"2021-06-04T15:07:32","date_gmt":"2021-06-04T13:07:32","guid":{"rendered":"https:\/\/www.messinaoggi.it\/website\/2021\/06\/04\/covid-speranza-dal-g7-impegno-per-i-paesi-piu-fragili\/"},"modified":"2021-06-04T15:07:32","modified_gmt":"2021-06-04T13:07:32","slug":"covid-speranza-dal-g7-impegno-per-i-paesi-piu-fragili","status":"publish","type":"post","link":"https:\/\/www.messinaoggi.it\/website\/2021\/06\/04\/covid-speranza-dal-g7-impegno-per-i-paesi-piu-fragili\/","title":{"rendered":"Covid, Speranza \u201cDal G7 impegno per i Paesi pi\u00f9 fragili\u201d"},"content":{"rendered":"<div>ROMA (ITALPRESS) &#8211; &#8220;La pandemia ha dimostrato come le politiche per la salute siano sempre pi\u00f9 una grande questione internazionale. La campagna di vaccinazione \u00e8 la sfida pi\u00f9 importante di questi mesi. I Paesi del G7 sono impegnati a fare ogni sforzo per sostenere i Paesi pi\u00f9 fragili. Nessuno pu\u00f2 pensare di salvarsi da solo. Dalla crisi si esce solo insieme&#8221;. Lo scrive su Facebook il ministro della Salute, Roberto Speranza, dopo il G7 Salute che si \u00e8 svolto a Oxford.<br \/>(ITALPRESS).<\/div>\n<div id=\"div-gpt-ad-Messinaoggi.it-DSK-300x250-corpoart\" style=\"text-align:center;margin:0 auto;\"><\/div><\/p><div id=\"videoincontent\" style=\"clear:both\";><\/div>","protected":false},"excerpt":{"rendered":"<p>ROMA (ITALPRESS) &#8211; &#8220;La pandemia ha dimostrato come le politiche per la salute siano sempre pi\u00f9 una grande questione internazionale. La campagna di vaccinazione \u00e8 la sfida pi\u00f9 importante di questi mesi. I Paesi del G7 sono impegnati a fare ogni sforzo per sostenere i Paesi pi\u00f9 fragili. Nessuno pu\u00f2 pensare di salvarsi da solo. [&hellip;]<\/p>\n","protected":false},"author":18,"featured_media":67526,"comment_status":"closed","ping_status":"closed","sticky":false,"template":"","format":"standard","meta":{"ub_ctt_via":"","_mi_skip_tracking":false},"categories":[446],"tags":[783],"featured_image_src":"https:\/\/www.messinaoggi.it\/website\/wp-content\/uploads\/2021\/06\/20210604_0783.jpg","author_info":{"display_name":"Admin","author_link":"https:\/\/www.messinaoggi.it\/website\/author\/admin\/"},"digistream_id":0,"digistream":false,"_links":{"self":[{"href":"https:\/\/www.messinaoggi.it\/website\/wp-json\/wp\/v2\/posts\/67525"}],"collection":[{"href":"https:\/\/www.messinaoggi.it\/website\/wp-json\/wp\/v2\/posts"}],"about":[{"href":"https:\/\/www.messinaoggi.it\/website\/wp-json\/wp\/v2\/types\/post"}],"author":[{"embeddable":true,"href":"https:\/\/www.messinaoggi.it\/website\/wp-json\/wp\/v2\/users\/18"}],"replies":[{"embeddable":true,"href":"https:\/\/www.messinaoggi.it\/website\/wp-json\/wp\/v2\/comments?post=67525"}],"version-history":[{"count":0,"href":"https:\/\/www.messinaoggi.it\/website\/wp-json\/wp\/v2\/posts\/67525\/revisions"}],"wp:featuredmedia":[{"embeddable":true,"href":"https:\/\/www.messinaoggi.it\/website\/wp-json\/wp\/v2\/media\/67526"}],"wp:attachment":[{"href":"https:\/\/www.messinaoggi.it\/website\/wp-json\/wp\/v2\/media?parent=67525"}],"wp:term":[{"taxonomy":"category","embeddable":true,"href":"https:\/\/www.messinaoggi.it\/website\/wp-json\/wp\/v2\/categories?post=67525"},{"taxonomy":"post_tag","embeddable":true,"href":"https:\/\/www.messinaoggi.it\/website\/wp-json\/wp\/v2\/tags?post=67525"}],"curies":[{"name":"wp","href":"https:\/\/api.w.org\/{rel}","templated":true}]}}