{"id":675,"date":"2017-05-28T12:28:35","date_gmt":"2017-05-28T10:28:35","guid":{"rendered":"http:\/\/www.messinaoggi.it\/website\/?p=675"},"modified":"2017-05-28T12:28:35","modified_gmt":"2017-05-28T10:28:35","slug":"speciale-formazione-si-esibisce-al-duomo","status":"publish","type":"post","link":"https:\/\/www.messinaoggi.it\/website\/2017\/05\/28\/speciale-formazione-si-esibisce-al-duomo\/","title":{"rendered":"Speciale formazione si esibisce al Duomo"},"content":{"rendered":"<p>\u201cOltre quella porta ci s(uono) anch&#8217;io\u201d \u00e8 l\u2019evento organizzato da IOS(U)ONO (pensare musicale per progetti di inclusione) ed ospitato nella rassegna Armonie dello Spirito che si svolger\u00e0 in due momenti: alle 20 di venerd\u00ec prossimo, in Cattedrale, con un concerto ed una mostra fotografica e alle 9,30 di sabato 14, presso la Chiesa di S. Elia, con una conferenza. Il Concerto sar\u00e0 eseguito dall\u2019Orchestra del Mondo Nuovo, la speciale formazione sinfonica nella quale sono inseriti 8 giovani portatori di handicap psichico e\/o mentale che hanno gi\u00e0 frequentato lo speciale triennio di Musicoterapia Orchestrale messo a disposizione da IOS(U)ONO; l\u2019orchestra, nell\u2019occasione, accoglier\u00e0 sei ragazzi che portano a compimento il proprio percorso triennale.<br \/>\nIl programma, che vedr\u00e0 la prestigiosa collaborazione di numerosi concertisti (Francesco Tusa, Giovanni Celona, Giovanni Lombardo, Giuseppe Ruggeri, Nazzareno De Benedetto e Roberto Sacc\u00e0), e la straordinaria partecipazione del Coro Note Colorate diretto dal M\u00b0 Giovanni Mundo, prevede l\u2019esecuzione di alcuni brani dai Carmina Burana nella musica di Orff, il Primo e il Terzo movimento dalla Sinfonia n. 1 Il titano di G. Mahler e molto altro ancora. L\u2019evento, alla cui realizzazione ha partecipato l\u2019Accademia Musicale Ars Nova diretta da Immacolata Pulicano, \u00e8 interamente giocato sul simbolo della \u2018porta\u2019: luogo di inclusione o di esclusione, simbolo della condizione umana e della sua quotidiana esperienza; ma anche simbolo della nostra Citt\u00e0 che, da sempre, \u00e8 \u2018porta\u2019, sullo Stretto e nel Mediterraneo. La mostra fotografica, di Lucia Florio, si offre come un percorso di ricerca e di osservazione su luoghi, volti, paesaggi e, soprattutto, particolari della Citt\u00e0 di Messina, e fa proprie le celebri parole sulla bellezza che Peppino Impastato pronuncia nei Cento passi assumendole come chiave di lettura: &#8220;la bellezza \u00e8 un&#8217;arma contro la rassegnazione, la paura e l&#8217;omert\u00e0&#8221;.<br \/>\nLa conferenza in programma sabato 14, alle 9,30 presso la Chiesa di S. Elia \u00e8 dedicata all\u2019inclusione dell\u2019handicap psichico e\/o mentale attraverso la musica per orchestra ed offrir\u00e0 vari e qualificati contributi. Aprir\u00e0 la riflessione la relazione del prof. Massimo Naro, della Facolt\u00e0 Teologica di Sicilia; a seguire la pianista, prof. Margherita Casalino, quindi il prof. Luca Donato dell\u2019Associazione La linea curva \u2013 Persona e Autismo e il M\u00b0 Giuseppe Testa, compositore cefaludese particolarmente attivo nella diffusione dell\u2019educazione musicale come fattore di promozione umana e sociale. Concluder\u00e0 Massimo Diamante che di IOS(U)ONO \u00e8 il responsabile.<div id=\"div-gpt-ad-Messinaoggi.it-DSK-300x250-corpoart\" style=\"text-align:center;margin:0 auto;\"><\/div><\/p>\n<div id=\"videoincontent\" style=\"clear:both\";><\/div>","protected":false},"excerpt":{"rendered":"<p>\u201cOltre quella porta ci s(uono) anch&#8217;io\u201d \u00e8 l\u2019evento organizzato da IOS(U)ONO (pensare musicale per progetti di inclusione) ed ospitato nella rassegna Armonie dello Spirito che si svolger\u00e0 in due momenti: alle 20 di venerd\u00ec prossimo, in Cattedrale, con un concerto ed una mostra fotografica e alle 9,30 di sabato 14, presso la Chiesa di S. [&hellip;]<\/p>\n","protected":false},"author":5,"featured_media":676,"comment_status":"closed","ping_status":"open","sticky":false,"template":"","format":"standard","meta":{"ub_ctt_via":"","_mi_skip_tracking":false},"categories":[17],"tags":[],"featured_image_src":"https:\/\/www.messinaoggi.it\/website\/wp-content\/uploads\/2017\/05\/Duomo-Messina-2.jpg","author_info":{"display_name":"Maria Antonella Saia","author_link":"https:\/\/www.messinaoggi.it\/website\/author\/m-saia\/"},"digistream_id":0,"digistream":false,"_links":{"self":[{"href":"https:\/\/www.messinaoggi.it\/website\/wp-json\/wp\/v2\/posts\/675"}],"collection":[{"href":"https:\/\/www.messinaoggi.it\/website\/wp-json\/wp\/v2\/posts"}],"about":[{"href":"https:\/\/www.messinaoggi.it\/website\/wp-json\/wp\/v2\/types\/post"}],"author":[{"embeddable":true,"href":"https:\/\/www.messinaoggi.it\/website\/wp-json\/wp\/v2\/users\/5"}],"replies":[{"embeddable":true,"href":"https:\/\/www.messinaoggi.it\/website\/wp-json\/wp\/v2\/comments?post=675"}],"version-history":[{"count":0,"href":"https:\/\/www.messinaoggi.it\/website\/wp-json\/wp\/v2\/posts\/675\/revisions"}],"wp:featuredmedia":[{"embeddable":true,"href":"https:\/\/www.messinaoggi.it\/website\/wp-json\/wp\/v2\/media\/676"}],"wp:attachment":[{"href":"https:\/\/www.messinaoggi.it\/website\/wp-json\/wp\/v2\/media?parent=675"}],"wp:term":[{"taxonomy":"category","embeddable":true,"href":"https:\/\/www.messinaoggi.it\/website\/wp-json\/wp\/v2\/categories?post=675"},{"taxonomy":"post_tag","embeddable":true,"href":"https:\/\/www.messinaoggi.it\/website\/wp-json\/wp\/v2\/tags?post=675"}],"curies":[{"name":"wp","href":"https:\/\/api.w.org\/{rel}","templated":true}]}}