{"id":6738,"date":"2017-08-23T19:08:30","date_gmt":"2017-08-23T17:08:30","guid":{"rendered":"http:\/\/www.messinaoggi.it\/website\/?p=6738"},"modified":"2017-08-23T19:08:30","modified_gmt":"2017-08-23T17:08:30","slug":"6738","status":"publish","type":"post","link":"https:\/\/www.messinaoggi.it\/website\/2017\/08\/23\/6738\/","title":{"rendered":"Pistunina, tesserato Ciccio Maggioloti. Anticipata a sabato la trasferta col Camaro"},"content":{"rendered":"<div lang=\"zxx\" style=\"text-align: justify\" align=\"JUSTIFY\">Continua la serie di nuovi tesseramenti per il <strong>Pistunina<\/strong>, in vista dell&#8217;esordio esterno di Coppa Italia d&#8217;Eccellenza in casa del Camaro che, a seguito di accordo con la societ\u00e0 avversaria, come si apprende dall&#8217;odierno comunicato ufficiale n. 28 della Figc siciliana, \u00e8 stato anticipato a sabato prossimo (ore 16, al &#8220;Marullo&#8221;. Dopo Fabrizio Mazzullo, il direttore sportivo Raimondo Mortelliti ha concluso positivamente anche la trattativa con <strong>Francesco &#8220;<i>Ciccio<\/i>&#8221; Maggioloti<\/strong>, trequartista, nato il 1\u00b0 gennaio 1994, ex della Jonica ma con precedenti anche nelle due maggiori squadre di Taormina, ossia l&#8217;Asd e lo Sporting.<\/div>\n<div lang=\"zxx\" style=\"text-align: justify\" align=\"JUSTIFY\">E&#8217; da presumere che non si tratter\u00e0 dell&#8217;unico tesseramento del Pistunina, visto che occorre stringere i tempi visto anche il predetto anticipo di 24 ore della sfida d&#8217;andata di Coppa. Non a caso gi\u00e0 oggi pomeriggio, sul campo in terra battuta del&#8221;Messina Sud&#8221;, dopo un&#8217;iniziale razione di lavoro atletico il trainer Ezio Raciti \u00e8 entrato nel vivo del lavoro tecnico-tattico, indottrinando sia sul piano teorico che pratico i giocatori presenti attraverso una serie di esperimenti concreti relativi ad azioni di contropiede e a &#8220;blocchi&#8221; offensivi sugli sviluppi di punizioni e calci d&#8217;angolo.<\/div>\n<div lang=\"zxx\" style=\"text-align: justify\" align=\"JUSTIFY\">E i giocatori sembrano seguire con impegno e concentrazione il loro allenatore. Un organico che nel pomeriggio di oggi, rispetto ai primi allenamenti, si \u00e8 sensibilmente ridotto, vuoi perch\u00e9 alcuni atleti in prova non sono pi\u00f9 rientrato nei piani del tecnico (&#8220;<em>Abbiamo assottigliato la rosa<\/em>&#8220;, ha accennato telegraficamente Raciti), ma anche perch\u00e9 altri assenti per motivi di lavoro. Ma entro sabato suoner\u00e0 tutt&#8217;altra musica, e per questo il presidente Salvatore Velardo &#8211; malgrado i suoi impegni lavorativi &#8211; si sta sacrificando quotidianamente pur di essere sempre presente al fianco della prima squadra, dando cos\u00ec manforte al sempre attivissimo ds Mortelliti.<\/div>\n<div id=\"div-gpt-ad-Messinaoggi.it-DSK-300x250-corpoart\" style=\"text-align:center;margin:0 auto;\"><\/div><\/p><div id=\"videoincontent\" style=\"clear:both\";><\/div>","protected":false},"excerpt":{"rendered":"<p>Continua la serie di nuovi tesseramenti per il Pistunina, in vista dell&#8217;esordio esterno di Coppa Italia d&#8217;Eccellenza in casa del Camaro che, a seguito di accordo con la societ\u00e0 avversaria, come si apprende dall&#8217;odierno comunicato ufficiale n. 28 della Figc siciliana, \u00e8 stato anticipato a sabato prossimo (ore 16, al &#8220;Marullo&#8221;. Dopo Fabrizio Mazzullo, il [&hellip;]<\/p>\n","protected":false},"author":9,"featured_media":6739,"comment_status":"closed","ping_status":"open","sticky":false,"template":"","format":"standard","meta":{"ub_ctt_via":"","_mi_skip_tracking":false},"categories":[10,9],"tags":[],"featured_image_src":"https:\/\/www.messinaoggi.it\/website\/wp-content\/uploads\/2017\/08\/Maggioloti-2.jpg","author_info":{"display_name":"Roberto Santoro","author_link":"https:\/\/www.messinaoggi.it\/website\/author\/r-santoro\/"},"digistream_id":0,"digistream":false,"_links":{"self":[{"href":"https:\/\/www.messinaoggi.it\/website\/wp-json\/wp\/v2\/posts\/6738"}],"collection":[{"href":"https:\/\/www.messinaoggi.it\/website\/wp-json\/wp\/v2\/posts"}],"about":[{"href":"https:\/\/www.messinaoggi.it\/website\/wp-json\/wp\/v2\/types\/post"}],"author":[{"embeddable":true,"href":"https:\/\/www.messinaoggi.it\/website\/wp-json\/wp\/v2\/users\/9"}],"replies":[{"embeddable":true,"href":"https:\/\/www.messinaoggi.it\/website\/wp-json\/wp\/v2\/comments?post=6738"}],"version-history":[{"count":0,"href":"https:\/\/www.messinaoggi.it\/website\/wp-json\/wp\/v2\/posts\/6738\/revisions"}],"wp:featuredmedia":[{"embeddable":true,"href":"https:\/\/www.messinaoggi.it\/website\/wp-json\/wp\/v2\/media\/6739"}],"wp:attachment":[{"href":"https:\/\/www.messinaoggi.it\/website\/wp-json\/wp\/v2\/media?parent=6738"}],"wp:term":[{"taxonomy":"category","embeddable":true,"href":"https:\/\/www.messinaoggi.it\/website\/wp-json\/wp\/v2\/categories?post=6738"},{"taxonomy":"post_tag","embeddable":true,"href":"https:\/\/www.messinaoggi.it\/website\/wp-json\/wp\/v2\/tags?post=6738"}],"curies":[{"name":"wp","href":"https:\/\/api.w.org\/{rel}","templated":true}]}}