{"id":6730,"date":"2017-08-23T16:00:12","date_gmt":"2017-08-23T14:00:12","guid":{"rendered":"http:\/\/www.messinaoggi.it\/website\/?p=6730"},"modified":"2017-08-23T16:00:12","modified_gmt":"2017-08-23T14:00:12","slug":"elezioni-regionali-sinistra-comune-spinge-per-un-fronte-a-sinistra-del-pd","status":"publish","type":"post","link":"https:\/\/www.messinaoggi.it\/website\/2017\/08\/23\/elezioni-regionali-sinistra-comune-spinge-per-un-fronte-a-sinistra-del-pd\/","title":{"rendered":"Elezioni regionali, Sinistra Comune spinge per un fronte a sinistra del PD"},"content":{"rendered":"<p style=\"text-align: justify\"><span style=\"font-family: Arial, sans-serif\">Realizzare un fronte di sinistra alternativo al centrosinistra del PD, al centrodestra di FI-LN-FdI e al Movimento 5 Stelle. \u00c8 questo l&#8217;obiettivo che si pone di raggiungere in occasione delle prossime regionali Sinistra Comune che nei giorni scorsi ha incontrato la segreteria regionale di Rifondazione Comunista.<\/span><div id=\"div-gpt-ad-Messinaoggi.it-DSK-300x250-corpoart\" style=\"text-align:center;margin:0 auto;\"><\/div><\/p>\n<p style=\"text-align: justify\">\u201c<span style=\"font-family: Arial, sans-serif\">Si \u00e8 convenuto sulla necessit\u00e0 di lavorare ad una proposta inclusiva che evidenzi la rottura con l&#8217;esperienza del Governo Crocetta e l&#8217;inesportabilit\u00e0 del cosiddetto &#8216;modello Palermo&#8217; in chiave regionale e nazionale\u201d spiega Sinistra Comune.<\/span><div id=\"videoincontent\" style=\"clear:both\";><\/div><\/p>\n<p style=\"text-align: justify\"><span style=\"font-family: Arial, sans-serif\">&#8220;Pertanto &#8211; prosegue Sinistra Comune &#8211; abbiamo chiesto a Rifondazione Comunista di farsi carico di un percorso che sia il pi\u00f9 possibile inclusivo, fondato su un metodo partecipativo e dal basso, nella costruzione di una lista unitaria della Sinistra alle prossime elezioni regionali; cos\u00ec come far\u00e0 con Sinistra Italiana, Articolo 1-MDP e le altre forze politiche e di movimento che incontrer\u00e0 nei prossimi giorni\u201d. <\/span><\/p>\n<p style=\"text-align: justify\"><span style=\"font-family: Arial, sans-serif\">D&#8217;altro canto, r<\/span><span style=\"font-family: Arial, sans-serif\">ifondazione Comunista ha sollecitato Sinistra Comune a spendersi senza remore per la concretizzazione di un progetto di sinistra alternativo al Partito Democratico, al Centrodestra, al Movimento 5 Stelle.<\/span><\/p>\n","protected":false},"excerpt":{"rendered":"<p>Realizzare un fronte di sinistra alternativo al centrosinistra del PD, al centrodestra di FI-LN-FdI e al Movimento 5 Stelle. \u00c8 questo l&#8217;obiettivo che si pone di raggiungere in occasione delle prossime regionali Sinistra Comune che nei giorni scorsi ha incontrato la segreteria regionale di Rifondazione Comunista. \u201cSi \u00e8 convenuto sulla necessit\u00e0 di lavorare ad una [&hellip;]<\/p>\n","protected":false},"author":8,"featured_media":2646,"comment_status":"closed","ping_status":"open","sticky":false,"template":"","format":"standard","meta":{"ub_ctt_via":"","_mi_skip_tracking":false},"categories":[11],"tags":[],"featured_image_src":"https:\/\/www.messinaoggi.it\/website\/wp-content\/uploads\/2017\/06\/elezioni-2.jpg","author_info":{"display_name":"red..me","author_link":"https:\/\/www.messinaoggi.it\/website\/author\/redstage\/"},"digistream_id":0,"digistream":false,"_links":{"self":[{"href":"https:\/\/www.messinaoggi.it\/website\/wp-json\/wp\/v2\/posts\/6730"}],"collection":[{"href":"https:\/\/www.messinaoggi.it\/website\/wp-json\/wp\/v2\/posts"}],"about":[{"href":"https:\/\/www.messinaoggi.it\/website\/wp-json\/wp\/v2\/types\/post"}],"author":[{"embeddable":true,"href":"https:\/\/www.messinaoggi.it\/website\/wp-json\/wp\/v2\/users\/8"}],"replies":[{"embeddable":true,"href":"https:\/\/www.messinaoggi.it\/website\/wp-json\/wp\/v2\/comments?post=6730"}],"version-history":[{"count":0,"href":"https:\/\/www.messinaoggi.it\/website\/wp-json\/wp\/v2\/posts\/6730\/revisions"}],"wp:featuredmedia":[{"embeddable":true,"href":"https:\/\/www.messinaoggi.it\/website\/wp-json\/wp\/v2\/media\/2646"}],"wp:attachment":[{"href":"https:\/\/www.messinaoggi.it\/website\/wp-json\/wp\/v2\/media?parent=6730"}],"wp:term":[{"taxonomy":"category","embeddable":true,"href":"https:\/\/www.messinaoggi.it\/website\/wp-json\/wp\/v2\/categories?post=6730"},{"taxonomy":"post_tag","embeddable":true,"href":"https:\/\/www.messinaoggi.it\/website\/wp-json\/wp\/v2\/tags?post=6730"}],"curies":[{"name":"wp","href":"https:\/\/api.w.org\/{rel}","templated":true}]}}