{"id":67283,"date":"2021-06-02T17:02:28","date_gmt":"2021-06-02T15:02:28","guid":{"rendered":"http:\/\/www.messinaoggi.it\/website\/?p=67283"},"modified":"2021-06-02T17:10:22","modified_gmt":"2021-06-02T15:10:22","slug":"visitme-messina-baricentro-del-mediterraneo","status":"publish","type":"post","link":"https:\/\/www.messinaoggi.it\/website\/2021\/06\/02\/visitme-messina-baricentro-del-mediterraneo\/","title":{"rendered":"&#8220;VisitME&#8221;, Messina baricentro del Mediterraneo"},"content":{"rendered":"\n<p>Nell\u2019ambito del progetto turistico \u201cVisitME\u201d, \u00e8 stata inaugurata questa mattina in piazza Duomo, dal sindaco Cateno De Luca e dall\u2019assessore al Turismo Enzo Caruso, la postazione per la promozione di immagine della Citt\u00e0 di Messina concordata con la Soprintendenza ai Beni culturali e ambientali. La struttura \u00e8 costituita da un manifesto raffigurante il Nettuno e il logo VisitMe, depositato presso la Camera di Commercio e da un palo segnaletico \u201cMessina Km 0\u201d, sul quale \u00e8 indicata la distanza della citt\u00e0 del Peloro dalle capitali e citt\u00e0 dei vari Paesi da cui provengono i tanti croceristi.<div id=\"div-gpt-ad-Messinaoggi.it-DSK-300x250-corpoart\" style=\"text-align:center;margin:0 auto;\"><\/div><\/p>\n\n\n\n<div class=\"wp-block-image\"><figure class=\"alignright\"><img src=\"https:\/\/comune.messina.it\/wp-content\/uploads\/2021\/06\/visit2-300x225.jpg\" alt=\"\" class=\"wp-image-111767\"\/><\/figure><\/div>\n\n\n\n<p>Alla cerimonia si sono aggregate molte autorit\u00e0 che erano presenti in piazza Unione europea per la Festa della Repubblica.<div id=\"videoincontent\" style=\"clear:both\";><\/div><\/p>\n\n\n\n<p>Sono intervenuti mons. Cesare Di Pietro; Matilde Siracusano; il Direttore editoriale della Gazzetta del Sud Lino Morgante; il Direttore dell\u2019Inps Maurizio Mastroieni; il presidente della Camera di Commercio Ivo Blandina; i presidenti di Confcommercio e Confartigianato; l\u2019Ammiraglio Santo Le Grottaglie; i rappresentanti delle Associazioni Cavalieri della Repubblica, Alpini e GdF in congedo; e il dott. Chill\u00e8, titolare della Ditta che si sta occupando dell\u2019installazione della nuova segnaletica del Turismo.<\/p>\n\n\n\n<div class=\"wp-block-image\"><figure class=\"alignleft\"><img src=\"https:\/\/comune.messina.it\/wp-content\/uploads\/2021\/06\/visit3-300x225.jpg\" alt=\"\" class=\"wp-image-111768\"\/><\/figure><\/div>\n\n\n\n<p>\u201cUna \u2018cartolina\u2019 per fotografarsi durante l\u2019obbligata sosta a mezzogiorno in piazza Duomo e da postare sul proprio profilo, veicolando ad ampio raggio il nome di Messina.<\/p>\n\n\n\n<div class=\"wp-block-image\"><figure class=\"alignright\"><img src=\"https:\/\/comune.messina.it\/wp-content\/uploads\/2021\/06\/visit4-300x225.jpg\" alt=\"\" class=\"wp-image-111769\"\/><\/figure><\/div>\n\n\n\n<p>Cominciamo a guardare la citt\u00e0 con gli occhi del turista e a prendere consapevolezza della posizione strategica della nostra Citt\u00e0, baricentrica del Mediterraneo \u2013 hanno dichiarato congiuntamente il sindaco e l\u2019assessore -. Quello di oggi \u00e8 un altro tassello che si aggiunge ad una strategia mai affrontata e mai presa nella giusta considerazione che vuole orientare Messina verso una nuova dimensione strettamente legata alle sue capacit\u00e0 attrattive storiche, architettoniche e ambientali&#8221;.<\/p>\n","protected":false},"excerpt":{"rendered":"<p>Nell\u2019ambito del progetto turistico \u201cVisitME\u201d, \u00e8 stata inaugurata questa mattina in piazza Duomo, dal sindaco Cateno De Luca e dall\u2019assessore al Turismo Enzo Caruso, la postazione per la promozione di immagine della Citt\u00e0 di Messina concordata con la Soprintendenza ai Beni culturali e ambientali. La struttura \u00e8 costituita da un manifesto raffigurante il Nettuno e [&hellip;]<\/p>\n","protected":false},"author":4,"featured_media":67284,"comment_status":"open","ping_status":"open","sticky":false,"template":"","format":"standard","meta":{"ub_ctt_via":"","_mi_skip_tracking":false},"categories":[5],"tags":[171,2110],"featured_image_src":"https:\/\/www.messinaoggi.it\/website\/wp-content\/uploads\/2021\/06\/Messina-turismo.jpg","author_info":{"display_name":"redme","author_link":"https:\/\/www.messinaoggi.it\/website\/author\/redme\/"},"digistream_id":0,"digistream":false,"_links":{"self":[{"href":"https:\/\/www.messinaoggi.it\/website\/wp-json\/wp\/v2\/posts\/67283"}],"collection":[{"href":"https:\/\/www.messinaoggi.it\/website\/wp-json\/wp\/v2\/posts"}],"about":[{"href":"https:\/\/www.messinaoggi.it\/website\/wp-json\/wp\/v2\/types\/post"}],"author":[{"embeddable":true,"href":"https:\/\/www.messinaoggi.it\/website\/wp-json\/wp\/v2\/users\/4"}],"replies":[{"embeddable":true,"href":"https:\/\/www.messinaoggi.it\/website\/wp-json\/wp\/v2\/comments?post=67283"}],"version-history":[{"count":3,"href":"https:\/\/www.messinaoggi.it\/website\/wp-json\/wp\/v2\/posts\/67283\/revisions"}],"predecessor-version":[{"id":67287,"href":"https:\/\/www.messinaoggi.it\/website\/wp-json\/wp\/v2\/posts\/67283\/revisions\/67287"}],"wp:featuredmedia":[{"embeddable":true,"href":"https:\/\/www.messinaoggi.it\/website\/wp-json\/wp\/v2\/media\/67284"}],"wp:attachment":[{"href":"https:\/\/www.messinaoggi.it\/website\/wp-json\/wp\/v2\/media?parent=67283"}],"wp:term":[{"taxonomy":"category","embeddable":true,"href":"https:\/\/www.messinaoggi.it\/website\/wp-json\/wp\/v2\/categories?post=67283"},{"taxonomy":"post_tag","embeddable":true,"href":"https:\/\/www.messinaoggi.it\/website\/wp-json\/wp\/v2\/tags?post=67283"}],"curies":[{"name":"wp","href":"https:\/\/api.w.org\/{rel}","templated":true}]}}