{"id":67250,"date":"2021-06-02T01:07:32","date_gmt":"2021-06-01T23:07:32","guid":{"rendered":"https:\/\/www.messinaoggi.it\/website\/2021\/06\/02\/ufficiale-lista-26-azzurri-out-mancini-e-politano\/"},"modified":"2021-06-02T17:28:06","modified_gmt":"2021-06-02T15:28:06","slug":"ufficiale-lista-26-azzurri-out-mancini-e-politano","status":"publish","type":"post","link":"https:\/\/www.messinaoggi.it\/website\/2021\/06\/02\/ufficiale-lista-26-azzurri-out-mancini-e-politano\/","title":{"rendered":"Ufficiale lista 26 azzurri, out Mancini e Politano"},"content":{"rendered":"<div>ROMA (ITALPRESS) &#8211; Il ct della Nazionale, Roberto Mancini, ha<br \/>ufficializzato la lista dei 26 azzurri per gli Europei. Restano a<br \/>casa il difensore della Roma Gianluca Mancini e l&#8217;attaccante del<br \/>Napoli Matteo Politano, che hanno perso il ballottaggio<br \/>rispettivamente con Rafael Toloi (Atalanta) e Giacomo Raspadori<br \/>(Sassuolo). Non convocato nemmeno Matteo Pessina (Atalanta). Portieri: 21 Gianluigi Donnarumma (Milan), 26 Alex Meret (Napoli), 1 Salvatore Sirigu (Torino). Difensori: 15 Francesco Acerbi (Lazio), 23 Alessandro Bastoni (Inter), 19 Leonardo Bonucci (Juventus), 3 Giorgio Chiellini (Juventus), 2 Giovanni Di Lorenzo (Napoli), 13 Emerson Palmieri (Chelsea), 24 Alessandro Florenzi (Paris Saint Germain), 4 Leonardo Spinazzola (Roma), 25 Rafael Toloi (Atalanta). Centrocampisti: 18 Nicol\u00f2 Barella (Inter), 16 Bryan Cristante (Roma), 8 Frello Jorge Luiz Jorginho (Chelsea), 5 Manuel Locatelli (Sassuolo), 7 Lorenzo Pellegrini (Roma), 12 Stefano Sensi (Inter), 6 Marco Verratti (Paris Saint Germain). Attaccanti: 9 Andrea Belotti (Torino), 11 Domenico Berardi (Sassuolo), 20 Federico Bernardeschi (Juventus), 14 Federico Chiesa (Juventus), 17 Ciro Immobile (Lazio), 10 Lorenzo Insigne (Napoli), 22 Giacomo Raspadori (Sassuolo). L&#8217;Italia \u00e8 inserita nel Gruppo A con Turchia, Galles e Svizzera e debutter\u00e0 all&#8217;Olimpico venerd\u00ec 11 giugno contro la selezione di Gunes.<br \/>(ITALPRESS).<\/div>\n<div id=\"div-gpt-ad-Messinaoggi.it-DSK-300x250-corpoart\" style=\"text-align:center;margin:0 auto;\"><\/div><\/p><div id=\"videoincontent\" style=\"clear:both\";><\/div>","protected":false},"excerpt":{"rendered":"<p>ROMA (ITALPRESS) &#8211; Il ct della Nazionale, Roberto Mancini, haufficializzato la lista dei 26 azzurri per gli Europei. Restano acasa il difensore della Roma Gianluca Mancini e l&#8217;attaccante delNapoli Matteo Politano, che hanno perso il ballottaggiorispettivamente con Rafael Toloi (Atalanta) e Giacomo Raspadori(Sassuolo). Non convocato nemmeno Matteo Pessina (Atalanta). Portieri: 21 Gianluigi Donnarumma (Milan), 26 [&hellip;]<\/p>\n","protected":false},"author":18,"featured_media":67251,"comment_status":"closed","ping_status":"closed","sticky":false,"template":"","format":"standard","meta":{"ub_ctt_via":"","_mi_skip_tracking":false},"categories":[10,446,9],"tags":[783],"featured_image_src":"https:\/\/www.messinaoggi.it\/website\/wp-content\/uploads\/2021\/06\/20210602_0006.jpg","author_info":{"display_name":"Admin","author_link":"https:\/\/www.messinaoggi.it\/website\/author\/admin\/"},"digistream_id":0,"digistream":false,"_links":{"self":[{"href":"https:\/\/www.messinaoggi.it\/website\/wp-json\/wp\/v2\/posts\/67250"}],"collection":[{"href":"https:\/\/www.messinaoggi.it\/website\/wp-json\/wp\/v2\/posts"}],"about":[{"href":"https:\/\/www.messinaoggi.it\/website\/wp-json\/wp\/v2\/types\/post"}],"author":[{"embeddable":true,"href":"https:\/\/www.messinaoggi.it\/website\/wp-json\/wp\/v2\/users\/18"}],"replies":[{"embeddable":true,"href":"https:\/\/www.messinaoggi.it\/website\/wp-json\/wp\/v2\/comments?post=67250"}],"version-history":[{"count":1,"href":"https:\/\/www.messinaoggi.it\/website\/wp-json\/wp\/v2\/posts\/67250\/revisions"}],"predecessor-version":[{"id":67289,"href":"https:\/\/www.messinaoggi.it\/website\/wp-json\/wp\/v2\/posts\/67250\/revisions\/67289"}],"wp:featuredmedia":[{"embeddable":true,"href":"https:\/\/www.messinaoggi.it\/website\/wp-json\/wp\/v2\/media\/67251"}],"wp:attachment":[{"href":"https:\/\/www.messinaoggi.it\/website\/wp-json\/wp\/v2\/media?parent=67250"}],"wp:term":[{"taxonomy":"category","embeddable":true,"href":"https:\/\/www.messinaoggi.it\/website\/wp-json\/wp\/v2\/categories?post=67250"},{"taxonomy":"post_tag","embeddable":true,"href":"https:\/\/www.messinaoggi.it\/website\/wp-json\/wp\/v2\/tags?post=67250"}],"curies":[{"name":"wp","href":"https:\/\/api.w.org\/{rel}","templated":true}]}}