{"id":67213,"date":"2021-06-01T20:07:31","date_gmt":"2021-06-01T18:07:31","guid":{"rendered":"https:\/\/www.messinaoggi.it\/website\/2021\/06\/01\/ancelotti-torna-a-madrid-e-il-nuovo-allenatore-del-real\/"},"modified":"2021-06-01T20:07:31","modified_gmt":"2021-06-01T18:07:31","slug":"ancelotti-torna-a-madrid-e-il-nuovo-allenatore-del-real","status":"publish","type":"post","link":"https:\/\/www.messinaoggi.it\/website\/2021\/06\/01\/ancelotti-torna-a-madrid-e-il-nuovo-allenatore-del-real\/","title":{"rendered":"Ancelotti torna a Madrid, \u00e8 il nuovo allenatore del Real"},"content":{"rendered":"<div>MADRID (SPAGNA) (ITALPRESS) &#8211; Carlo Ancelotti \u00e8 il nuovo allenatore del Real Madrid. Ufficiale il ritorno del 61enne tecnico di Reggiolo alla guida dei blancos, gi\u00e0 allenati dal 2013 al 2015. Ancelotti, che lascia dunque l&#8217;Everton dopo poco pi\u00f9 di 18 mesi, nella sua precedente esperienza aveva condotto il Real alla conquista della sua decima Champions League oltre a una Coppa del Re, una Supercoppa Europea e un Mondiale per club. Per lui contratto triennale. &#8220;All&#8217;Everton stavo bene ma si \u00e8 presentata questa opportunit\u00e0 inaspettata e credo che in questo momento fosse giusto coglierla, per me e per la mia famiglia&#8221;, le parole con cui Ancelotti si \u00e8 congedato dai Toffees, dove era approdato nel dicembre 2019, poco dopo l&#8217;esonero al Napoli, firmando un contratto di 4 anni e mezzo.<br \/>La presentazione di Ancelotti, che prende il posto di Zidane, \u00e8 stata fissata per domani alle 18.<br \/>Il nome dell&#8217;allenatore italiano per la panchina dei blancos era cominciato a circolare nella tarda serata di ieri, dopo che al Real erano stati accostati i vari Conte, Pochettino e Raul. Nelle ultime ore l&#8217;accelerata decisiva che ha portato al ritorno del tecnico.<br \/>(ITALPRESS).<\/div>\n<div id=\"div-gpt-ad-Messinaoggi.it-DSK-300x250-corpoart\" style=\"text-align:center;margin:0 auto;\"><\/div><\/p><div id=\"videoincontent\" style=\"clear:both\";><\/div>","protected":false},"excerpt":{"rendered":"<p>MADRID (SPAGNA) (ITALPRESS) &#8211; Carlo Ancelotti \u00e8 il nuovo allenatore del Real Madrid. Ufficiale il ritorno del 61enne tecnico di Reggiolo alla guida dei blancos, gi\u00e0 allenati dal 2013 al 2015. Ancelotti, che lascia dunque l&#8217;Everton dopo poco pi\u00f9 di 18 mesi, nella sua precedente esperienza aveva condotto il Real alla conquista della sua decima [&hellip;]<\/p>\n","protected":false},"author":18,"featured_media":67214,"comment_status":"closed","ping_status":"closed","sticky":false,"template":"","format":"standard","meta":{"ub_ctt_via":"","_mi_skip_tracking":false},"categories":[446],"tags":[783],"featured_image_src":"https:\/\/www.messinaoggi.it\/website\/wp-content\/uploads\/2021\/06\/20210601_2171.jpg","author_info":{"display_name":"Admin","author_link":"https:\/\/www.messinaoggi.it\/website\/author\/admin\/"},"digistream_id":0,"digistream":false,"_links":{"self":[{"href":"https:\/\/www.messinaoggi.it\/website\/wp-json\/wp\/v2\/posts\/67213"}],"collection":[{"href":"https:\/\/www.messinaoggi.it\/website\/wp-json\/wp\/v2\/posts"}],"about":[{"href":"https:\/\/www.messinaoggi.it\/website\/wp-json\/wp\/v2\/types\/post"}],"author":[{"embeddable":true,"href":"https:\/\/www.messinaoggi.it\/website\/wp-json\/wp\/v2\/users\/18"}],"replies":[{"embeddable":true,"href":"https:\/\/www.messinaoggi.it\/website\/wp-json\/wp\/v2\/comments?post=67213"}],"version-history":[{"count":0,"href":"https:\/\/www.messinaoggi.it\/website\/wp-json\/wp\/v2\/posts\/67213\/revisions"}],"wp:featuredmedia":[{"embeddable":true,"href":"https:\/\/www.messinaoggi.it\/website\/wp-json\/wp\/v2\/media\/67214"}],"wp:attachment":[{"href":"https:\/\/www.messinaoggi.it\/website\/wp-json\/wp\/v2\/media?parent=67213"}],"wp:term":[{"taxonomy":"category","embeddable":true,"href":"https:\/\/www.messinaoggi.it\/website\/wp-json\/wp\/v2\/categories?post=67213"},{"taxonomy":"post_tag","embeddable":true,"href":"https:\/\/www.messinaoggi.it\/website\/wp-json\/wp\/v2\/tags?post=67213"}],"curies":[{"name":"wp","href":"https:\/\/api.w.org\/{rel}","templated":true}]}}